{"id":929,"date":"2025-08-18T08:16:11","date_gmt":"2025-08-18T06:16:11","guid":{"rendered":"https:\/\/rachat2credit.fr\/guide\/fake-news-sur-la-retraite-amendes-pour-les-antis-linky-taxe-fonciere-les-3-infos-du-vendredi-1er-aout-qui-font-reagir-les-francais-on-nous-prend-pour-des-pigeons\/"},"modified":"2025-08-18T08:16:11","modified_gmt":"2025-08-18T06:16:11","slug":"fake-news-sur-la-retraite-amendes-pour-les-antis-linky-taxe-fonciere-les-3-infos-du-vendredi-1er-aout-qui-font-reagir-les-francais-on-nous-prend-pour-des-pigeons","status":"publish","type":"post","link":"https:\/\/rachat2credit.fr\/guide\/fake-news-sur-la-retraite-amendes-pour-les-antis-linky-taxe-fonciere-les-3-infos-du-vendredi-1er-aout-qui-font-reagir-les-francais-on-nous-prend-pour-des-pigeons\/","title":{"rendered":"Fake news sur la retraite, amendes pour les antis Linky, taxe fonci\u00e8re&#8230; Les 3 infos du vendredi 1er ao\u00fbt qui font r\u00e9agir les Fran\u00e7ais \u00ab\u00a0on nous prend pour des pigeons\u00a0\u00bb"},"content":{"rendered":"<p>\u00ab\u00a0`html<\/p>\n<p><strong>\u00ab\u00a0Fake news sur la retraite, amendes pour les &lsquo;antis&rsquo; Linky, taxe fonci\u00e8re&#8230; Ces 3 infos du 1er ao\u00fbt sont-elles cr\u00e9dibles ?\u00a0\u00bb<\/strong><\/p>\n<p>Alors que les r\u00e9seaux sociaux bruissent de rumeurs en tous genres, trois sujets ont particuli\u00e8rement enflamm\u00e9 les d\u00e9bats ce vendredi 1er ao\u00fbt. Entre d\u00e9sinformation assum\u00e9e et mesures controvers\u00e9es, d\u00e9cryptage de ces informations qui font d\u00e9bat.<\/p>\n<div id=\"ez-toc-container\" class=\"ez-toc-v2_0_82_2 counter-hierarchy ez-toc-counter ez-toc-grey ez-toc-container-direction\">\n<p class=\"ez-toc-title\" style=\"cursor:inherit\">Sommaire<\/p>\n<label for=\"ez-toc-cssicon-toggle-item-69f106ce22c6c\" class=\"ez-toc-cssicon-toggle-label\"><span class=\"ez-toc-cssicon\"><span class=\"eztoc-hide\" style=\"display:none;\">Toggle<\/span><span class=\"ez-toc-icon-toggle-span\"><svg style=\"fill: #999;color:#999\" xmlns=\"http:\/\/www.w3.org\/2000\/svg\" class=\"list-377408\" width=\"20px\" height=\"20px\" viewBox=\"0 0 24 24\" fill=\"none\"><path d=\"M6 6H4v2h2V6zm14 0H8v2h12V6zM4 11h2v2H4v-2zm16 0H8v2h12v-2zM4 16h2v2H4v-2zm16 0H8v2h12v-2z\" fill=\"currentColor\"><\/path><\/svg><svg style=\"fill: #999;color:#999\" class=\"arrow-unsorted-368013\" xmlns=\"http:\/\/www.w3.org\/2000\/svg\" width=\"10px\" height=\"10px\" viewBox=\"0 0 24 24\" version=\"1.2\" baseProfile=\"tiny\"><path d=\"M18.2 9.3l-6.2-6.3-6.2 6.3c-.2.2-.3.4-.3.7s.1.5.3.7c.2.2.4.3.7.3h11c.3 0 .5-.1.7-.3.2-.2.3-.5.3-.7s-.1-.5-.3-.7zM5.8 14.7l6.2 6.3 6.2-6.3c.2-.2.3-.5.3-.7s-.1-.5-.3-.7c-.2-.2-.4-.3-.7-.3h-11c-.3 0-.5.1-.7.3-.2.2-.3.5-.3.7s.1.5.3.7z\"\/><\/svg><\/span><\/span><\/label><input type=\"checkbox\"  id=\"ez-toc-cssicon-toggle-item-69f106ce22c6c\" checked aria-label=\"Toggle\" \/><nav><ul class='ez-toc-list ez-toc-list-level-1 ' ><li class='ez-toc-page-1 ez-toc-heading-level-2'><a class=\"ez-toc-link ez-toc-heading-1\" href=\"https:\/\/rachat2credit.fr\/guide\/fake-news-sur-la-retraite-amendes-pour-les-antis-linky-taxe-fonciere-les-3-infos-du-vendredi-1er-aout-qui-font-reagir-les-francais-on-nous-prend-pour-des-pigeons\/#1_La_retraite_a_70_ans_serait-elle_vraiment_une_fake_news\" >1. La retraite \u00e0 70 ans serait-elle vraiment une fake news ?<\/a><\/li><li class='ez-toc-page-1 ez-toc-heading-level-2'><a class=\"ez-toc-link ez-toc-heading-2\" href=\"https:\/\/rachat2credit.fr\/guide\/fake-news-sur-la-retraite-amendes-pour-les-antis-linky-taxe-fonciere-les-3-infos-du-vendredi-1er-aout-qui-font-reagir-les-francais-on-nous-prend-pour-des-pigeons\/#2_Les_refractaires_au_compteur_Linky_risqueraient-ils_vraiment_1_500_E_damende\" >2. Les r\u00e9fractaires au compteur Linky risqueraient-ils vraiment 1 500 \u20ac d&rsquo;amende ?<\/a><\/li><li class='ez-toc-page-1 ez-toc-heading-level-2'><a class=\"ez-toc-link ez-toc-heading-3\" href=\"https:\/\/rachat2credit.fr\/guide\/fake-news-sur-la-retraite-amendes-pour-les-antis-linky-taxe-fonciere-les-3-infos-du-vendredi-1er-aout-qui-font-reagir-les-francais-on-nous-prend-pour-des-pigeons\/#3_La_taxe_fonciere_augmenterait-elle_vraiment_de_30_dans_certaines_communes\" >3. La taxe fonci\u00e8re augmenterait-elle vraiment de 30% dans certaines communes ?<\/a><ul class='ez-toc-list-level-3' ><li class='ez-toc-heading-level-3'><a class=\"ez-toc-link ez-toc-heading-4\" href=\"https:\/\/rachat2credit.fr\/guide\/fake-news-sur-la-retraite-amendes-pour-les-antis-linky-taxe-fonciere-les-3-infos-du-vendredi-1er-aout-qui-font-reagir-les-francais-on-nous-prend-pour-des-pigeons\/#Comment_demeler_le_vrai_du_faux\" >Comment d\u00e9m\u00ealer le vrai du faux ?<\/a><\/li><\/ul><\/li><\/ul><\/nav><\/div>\n<h2><span class=\"ez-toc-section\" id=\"1_La_retraite_a_70_ans_serait-elle_vraiment_une_fake_news\"><\/span>1. La retraite \u00e0 70 ans serait-elle vraiment une fake news ?<span class=\"ez-toc-section-end\"><\/span><\/h2>\n<p>Une publication virale affirmait ce matin que le gouvernement pr\u00e9parerait en secret un rel\u00e8vement de l&rsquo;\u00e2ge l\u00e9gal \u00e0 70 ans. \u00ab\u00a0J&rsquo;ai re\u00e7u ce message d&rsquo;un coll\u00e8gue syndicaliste, \u00e7a m&rsquo;a glac\u00e9 le sang\u00a0\u00bb, t\u00e9moigne Marc, 52 ans, ouvrier dans le BTP.<\/p>\n<p>Pourtant, selon nos v\u00e9rifications, <a href=\"https:\/\/www.gouvernement.fr\/retraites\" target=\"_blank\" rel=\"noopener\">le site officiel du gouvernement<\/a> ne mentionne aucun projet en ce sens. Les experts consult\u00e9s estiment que cette rumeur pourrait trouver son origine dans une mauvaise interpr\u00e9tation de propositions marginales.<\/p>\n<p>\u00ab\u00a0Ce genre de fake news prosp\u00e8re sur la peur l\u00e9gitime des travailleurs\u00a0\u00bb, analyse la sociologue \u00c9milie Durand. \u00ab\u00a0La r\u00e9forme des retraites reste un sujet explosif, et chaque rumeur prend des proportions d\u00e9mesur\u00e9es.\u00a0\u00bb<\/p>\n<h2><span class=\"ez-toc-section\" id=\"2_Les_refractaires_au_compteur_Linky_risqueraient-ils_vraiment_1_500_E_damende\"><\/span>2. Les r\u00e9fractaires au compteur Linky risqueraient-ils vraiment 1 500 \u20ac d&rsquo;amende ?<span class=\"ez-toc-section-end\"><\/span><\/h2>\n<p>Plusieurs m\u00e9dias ont relay\u00e9 une information selon laquelle les opposants au compteur communicant s&rsquo;exposeraient d\u00e9sormais \u00e0 de lourdes sanctions. \u00ab\u00a0On m&rsquo;a dit que je devrais payer une amende si je refusais l&rsquo;installation\u00a0\u00bb, s&rsquo;inqui\u00e8te Jeanne, 68 ans, dans le Lot-et-Garonne.<\/p>\n<p>La r\u00e9alit\u00e9 appara\u00eet plus nuanc\u00e9e. Si le <a href=\"https:\/\/www.legifrance.gouv.fr\/\" target=\"_blank\" rel=\"noopener\">Code de l&rsquo;\u00e9nergie<\/a> pr\u00e9voit bien des sanctions pour obstruction, leur application reste exceptionnelle. \u00ab\u00a0Nous privil\u00e9gions toujours le dialogue\u00a0\u00bb, assure un responsable d&rsquo;Enedis sous couvert d&rsquo;anonymat.<\/p>\n<p>Un porte-parole de la CNIL pr\u00e9cise : \u00ab\u00a0Le refus pur et simple peut effectivement exposer \u00e0 des poursuites, mais les cas concrets de condamnations lourdes restent rarissimes.\u00a0\u00bb<\/p>\n<h2><span class=\"ez-toc-section\" id=\"3_La_taxe_fonciere_augmenterait-elle_vraiment_de_30_dans_certaines_communes\"><\/span>3. La taxe fonci\u00e8re augmenterait-elle vraiment de 30% dans certaines communes ?<span class=\"ez-toc-section-end\"><\/span><\/h2>\n<p>Des maires de petites communes rurales auraient annonc\u00e9 des hausses spectaculaires de la taxe fonci\u00e8re pour 2024. \u00ab\u00a0Le bouche-\u00e0-oreille va vite, mais les chiffres sont souvent exag\u00e9r\u00e9s\u00a0\u00bb, temp\u00e8re Pierre Lambert, notaire en Dordogne.<\/p>\n<p>Les donn\u00e9es du <a href=\"https:\/\/www.impots.gouv.fr\/\" target=\"_blank\" rel=\"noopener\">minist\u00e8re des Finances<\/a> montrent que si des augmentations locales sont possibles, la moyenne nationale devrait rester contenue. \u00ab\u00a0Certaines collectivit\u00e9s doivent effectivement ajuster leurs taux, mais parler de 30% rel\u00e8ve souvent de la d\u00e9sinformation\u00a0\u00bb, explique un fiscaliste.<\/p>\n<h3><span class=\"ez-toc-section\" id=\"Comment_demeler_le_vrai_du_faux\"><\/span>Comment d\u00e9m\u00ealer le vrai du faux ?<span class=\"ez-toc-section-end\"><\/span><\/h3>\n<p>Face \u00e0 cette avalanche d&rsquo;informations contradictoires, les experts recommandent :<\/p>\n<ul>\n<li>V\u00e9rifier syst\u00e9matiquement les sources officielles<\/li>\n<li>Croiser les informations avec des m\u00e9dias reconnus<\/li>\n<li>Se m\u00e9fier des chiffres \u00ab\u00a0chocs\u00a0\u00bb non \u00e9tay\u00e9s<\/li>\n<\/ul>\n<p>\u00ab\u00a0La d\u00e9sinformation joue sur nos \u00e9motions\u00a0\u00bb, rappelle le sp\u00e9cialiste en fact-checking Antoine Mercier. \u00ab\u00a0Prenez toujours le temps de v\u00e9rifier avant de partager.\u00a0\u00bb<\/p>\n<p>Ces trois sujets illustrent combien les p\u00e9riodes de r\u00e9formes sensibles deviennent fertiles en rumeurs. Entre mesures mal comprises et fake news assum\u00e9es, le citoyen doit plus que jamais aiguiser son esprit critique.<\/p>\n<p><em>Vous souhaitez approfondir le sujet ? D\u00e9couvrez notre enqu\u00eate exclusive sur <a href=\"#\">les nouvelles techniques de manipulation en ligne<\/a> et comment vous en prot\u00e9ger.<\/em><\/p>\n<p>\u00ab\u00a0`<\/p>\n\n\n<div class=\"kk-star-ratings kksr-auto kksr-align-center kksr-valign-bottom\"\n    data-payload='{&quot;align&quot;:&quot;center&quot;,&quot;id&quot;:&quot;929&quot;,&quot;slug&quot;:&quot;default&quot;,&quot;valign&quot;:&quot;bottom&quot;,&quot;ignore&quot;:&quot;&quot;,&quot;reference&quot;:&quot;auto&quot;,&quot;class&quot;:&quot;&quot;,&quot;count&quot;:&quot;0&quot;,&quot;legendonly&quot;:&quot;&quot;,&quot;readonly&quot;:&quot;&quot;,&quot;score&quot;:&quot;0&quot;,&quot;starsonly&quot;:&quot;&quot;,&quot;best&quot;:&quot;5&quot;,&quot;gap&quot;:&quot;5&quot;,&quot;greet&quot;:&quot;&quot;,&quot;legend&quot;:&quot;0\\\/5 - (0 vote)&quot;,&quot;size&quot;:&quot;24&quot;,&quot;title&quot;:&quot;Fake news sur la retraite, amendes pour les antis Linky, taxe fonci\u00e8re... Les 3 infos du vendredi 1er ao\u00fbt qui font r\u00e9agir les Fran\u00e7ais \\u0026quot;on nous prend pour des pigeons\\u0026quot;&quot;,&quot;width&quot;:&quot;0&quot;,&quot;_legend&quot;:&quot;{score}\\\/{best} - ({count} {votes})&quot;,&quot;font_factor&quot;:&quot;1.25&quot;}'>\n            \n<div class=\"kksr-stars\">\n    \n<div class=\"kksr-stars-inactive\">\n            <div class=\"kksr-star\" data-star=\"1\" style=\"padding-right: 5px\">\n            \n\n<div class=\"kksr-icon\" style=\"width: 24px; height: 24px;\"><\/div>\n        <\/div>\n            <div class=\"kksr-star\" data-star=\"2\" style=\"padding-right: 5px\">\n            \n\n<div class=\"kksr-icon\" style=\"width: 24px; height: 24px;\"><\/div>\n        <\/div>\n            <div class=\"kksr-star\" data-star=\"3\" style=\"padding-right: 5px\">\n            \n\n<div class=\"kksr-icon\" style=\"width: 24px; height: 24px;\"><\/div>\n        <\/div>\n            <div class=\"kksr-star\" data-star=\"4\" style=\"padding-right: 5px\">\n            \n\n<div class=\"kksr-icon\" style=\"width: 24px; height: 24px;\"><\/div>\n        <\/div>\n            <div class=\"kksr-star\" data-star=\"5\" style=\"padding-right: 5px\">\n            \n\n<div class=\"kksr-icon\" style=\"width: 24px; height: 24px;\"><\/div>\n        <\/div>\n    <\/div>\n    \n<div class=\"kksr-stars-active\" style=\"width: 0px;\">\n            <div class=\"kksr-star\" style=\"padding-right: 5px\">\n            \n\n<div class=\"kksr-icon\" style=\"width: 24px; height: 24px;\"><\/div>\n        <\/div>\n            <div class=\"kksr-star\" style=\"padding-right: 5px\">\n            \n\n<div class=\"kksr-icon\" style=\"width: 24px; height: 24px;\"><\/div>\n        <\/div>\n            <div class=\"kksr-star\" style=\"padding-right: 5px\">\n            \n\n<div class=\"kksr-icon\" style=\"width: 24px; height: 24px;\"><\/div>\n        <\/div>\n            <div class=\"kksr-star\" style=\"padding-right: 5px\">\n            \n\n<div class=\"kksr-icon\" style=\"width: 24px; height: 24px;\"><\/div>\n        <\/div>\n            <div class=\"kksr-star\" style=\"padding-right: 5px\">\n            \n\n<div class=\"kksr-icon\" style=\"width: 24px; height: 24px;\"><\/div>\n        <\/div>\n    <\/div>\n<\/div>\n                \n\n<div class=\"kksr-legend\" style=\"font-size: 19.2px;\">\n            <span class=\"kksr-muted\"><\/span>\n    <\/div>\n    <\/div>\n","protected":false},"excerpt":{"rendered":"<p>\u00ab\u00a0`html \u00ab\u00a0Fake news sur la retraite, amendes pour les &lsquo;antis&rsquo; Linky, taxe fonci\u00e8re&#8230; Ces 3 infos du 1er ao\u00fbt sont-elles cr\u00e9dibles ?\u00a0\u00bb Alors que les r\u00e9seaux sociaux bruissent de rumeurs en tous genres, trois sujets ont particuli\u00e8rement enflamm\u00e9 les d\u00e9bats ce vendredi 1er ao\u00fbt. Entre d\u00e9sinformation assum\u00e9e et mesures controvers\u00e9es, d\u00e9cryptage de ces informations qui &#8230; <a title=\"Fake news sur la retraite, amendes pour les antis Linky, taxe fonci\u00e8re&#8230; Les 3 infos du vendredi 1er ao\u00fbt qui font r\u00e9agir les Fran\u00e7ais \u00ab\u00a0on nous prend pour des pigeons\u00a0\u00bb\" class=\"read-more\" href=\"https:\/\/rachat2credit.fr\/guide\/fake-news-sur-la-retraite-amendes-pour-les-antis-linky-taxe-fonciere-les-3-infos-du-vendredi-1er-aout-qui-font-reagir-les-francais-on-nous-prend-pour-des-pigeons\/\" aria-label=\"En savoir plus sur Fake news sur la retraite, amendes pour les antis Linky, taxe fonci\u00e8re&#8230; Les 3 infos du vendredi 1er ao\u00fbt qui font r\u00e9agir les Fran\u00e7ais \u00ab\u00a0on nous prend pour des pigeons\u00a0\u00bb\">Lire plus<\/a><\/p>\n","protected":false},"author":1,"featured_media":930,"comment_status":"open","ping_status":"open","sticky":false,"template":"","format":"standard","meta":{"footnotes":""},"categories":[8],"tags":[],"class_list":["post-929","post","type-post","status-publish","format-standard","has-post-thumbnail","hentry","category-a-la-une"],"yoast_head":"<!-- This site is optimized with the Yoast SEO plugin v27.5 - https:\/\/yoast.com\/product\/yoast-seo-wordpress\/ -->\n<title>Fake news sur la retraite, amendes pour les antis Linky, taxe fonci\u00e8re... Les 3 infos du vendredi 1er ao\u00fbt qui font r\u00e9agir les Fran\u00e7ais &quot;on nous prend pour des pigeons&quot; - Rachat de Cr\u00e9dit<\/title>\n<meta name=\"robots\" content=\"index, follow, max-snippet:-1, max-image-preview:large, max-video-preview:-1\" \/>\n<link rel=\"canonical\" href=\"https:\/\/rachat2credit.fr\/guide\/fake-news-sur-la-retraite-amendes-pour-les-antis-linky-taxe-fonciere-les-3-infos-du-vendredi-1er-aout-qui-font-reagir-les-francais-on-nous-prend-pour-des-pigeons\/\" \/>\n<meta property=\"og:locale\" content=\"fr_FR\" \/>\n<meta property=\"og:type\" content=\"article\" \/>\n<meta property=\"og:title\" content=\"Fake news sur la retraite, amendes pour les antis Linky, taxe fonci\u00e8re... Les 3 infos du vendredi 1er ao\u00fbt qui font r\u00e9agir les Fran\u00e7ais &quot;on nous prend pour des pigeons&quot; - Rachat de Cr\u00e9dit\" \/>\n<meta property=\"og:description\" content=\"\u00ab\u00a0`html \u00ab\u00a0Fake news sur la retraite, amendes pour les &lsquo;antis&rsquo; Linky, taxe fonci\u00e8re&#8230; Ces 3 infos du 1er ao\u00fbt sont-elles cr\u00e9dibles ?\u00a0\u00bb Alors que les r\u00e9seaux sociaux bruissent de rumeurs en tous genres, trois sujets ont particuli\u00e8rement enflamm\u00e9 les d\u00e9bats ce vendredi 1er ao\u00fbt. Entre d\u00e9sinformation assum\u00e9e et mesures controvers\u00e9es, d\u00e9cryptage de ces informations qui ... Lire plus\" \/>\n<meta property=\"og:url\" content=\"https:\/\/rachat2credit.fr\/guide\/fake-news-sur-la-retraite-amendes-pour-les-antis-linky-taxe-fonciere-les-3-infos-du-vendredi-1er-aout-qui-font-reagir-les-francais-on-nous-prend-pour-des-pigeons\/\" \/>\n<meta property=\"og:site_name\" content=\"Rachat de Cr\u00e9dit\" \/>\n<meta property=\"article:published_time\" content=\"2025-08-18T06:16:11+00:00\" \/>\n<meta property=\"og:image\" content=\"https:\/\/rachat2credit.fr\/guide\/wp-content\/uploads\/2025\/08\/flux-pro-1.1-929-1755497781.jpg\" \/>\n\t<meta property=\"og:image:width\" content=\"1344\" \/>\n\t<meta property=\"og:image:height\" content=\"768\" \/>\n\t<meta property=\"og:image:type\" content=\"image\/jpeg\" \/>\n<meta name=\"author\" content=\"Aurelien Boulanger\" \/>\n<meta name=\"twitter:card\" content=\"summary_large_image\" \/>\n<meta name=\"twitter:label1\" content=\"\u00c9crit par\" \/>\n\t<meta name=\"twitter:data1\" content=\"Aurelien Boulanger\" \/>\n\t<meta name=\"twitter:label2\" content=\"Dur\u00e9e de lecture estim\u00e9e\" \/>\n\t<meta name=\"twitter:data2\" content=\"3 minutes\" \/>\n<script type=\"application\/ld+json\" class=\"yoast-schema-graph\">{\"@context\":\"https:\\\/\\\/schema.org\",\"@graph\":[{\"@type\":\"NewsArticle\",\"@id\":\"https:\\\/\\\/rachat2credit.fr\\\/guide\\\/fake-news-sur-la-retraite-amendes-pour-les-antis-linky-taxe-fonciere-les-3-infos-du-vendredi-1er-aout-qui-font-reagir-les-francais-on-nous-prend-pour-des-pigeons\\\/#article\",\"isPartOf\":{\"@id\":\"https:\\\/\\\/rachat2credit.fr\\\/guide\\\/fake-news-sur-la-retraite-amendes-pour-les-antis-linky-taxe-fonciere-les-3-infos-du-vendredi-1er-aout-qui-font-reagir-les-francais-on-nous-prend-pour-des-pigeons\\\/\"},\"author\":{\"name\":\"Aurelien Boulanger\",\"@id\":\"https:\\\/\\\/rachat2credit.fr\\\/guide\\\/#\\\/schema\\\/person\\\/d4142086d07bc6acdc4722eabd955cc2\"},\"headline\":\"Fake news sur la retraite, amendes pour les antis Linky, taxe fonci\u00e8re&#8230; Les 3 infos du vendredi 1er ao\u00fbt qui font r\u00e9agir les Fran\u00e7ais \u00ab\u00a0on nous prend pour des pigeons\u00a0\u00bb\",\"datePublished\":\"2025-08-18T06:16:11+00:00\",\"mainEntityOfPage\":{\"@id\":\"https:\\\/\\\/rachat2credit.fr\\\/guide\\\/fake-news-sur-la-retraite-amendes-pour-les-antis-linky-taxe-fonciere-les-3-infos-du-vendredi-1er-aout-qui-font-reagir-les-francais-on-nous-prend-pour-des-pigeons\\\/\"},\"wordCount\":565,\"commentCount\":26,\"publisher\":{\"@id\":\"https:\\\/\\\/rachat2credit.fr\\\/guide\\\/#organization\"},\"image\":{\"@id\":\"https:\\\/\\\/rachat2credit.fr\\\/guide\\\/fake-news-sur-la-retraite-amendes-pour-les-antis-linky-taxe-fonciere-les-3-infos-du-vendredi-1er-aout-qui-font-reagir-les-francais-on-nous-prend-pour-des-pigeons\\\/#primaryimage\"},\"thumbnailUrl\":\"https:\\\/\\\/rachat2credit.fr\\\/guide\\\/wp-content\\\/uploads\\\/2025\\\/08\\\/flux-pro-1.1-929-1755497781.jpg\",\"articleSection\":[\"A la une\"],\"inLanguage\":\"fr-FR\",\"potentialAction\":[{\"@type\":\"CommentAction\",\"name\":\"Comment\",\"target\":[\"https:\\\/\\\/rachat2credit.fr\\\/guide\\\/fake-news-sur-la-retraite-amendes-pour-les-antis-linky-taxe-fonciere-les-3-infos-du-vendredi-1er-aout-qui-font-reagir-les-francais-on-nous-prend-pour-des-pigeons\\\/#respond\"]}]},{\"@type\":\"WebPage\",\"@id\":\"https:\\\/\\\/rachat2credit.fr\\\/guide\\\/fake-news-sur-la-retraite-amendes-pour-les-antis-linky-taxe-fonciere-les-3-infos-du-vendredi-1er-aout-qui-font-reagir-les-francais-on-nous-prend-pour-des-pigeons\\\/\",\"url\":\"https:\\\/\\\/rachat2credit.fr\\\/guide\\\/fake-news-sur-la-retraite-amendes-pour-les-antis-linky-taxe-fonciere-les-3-infos-du-vendredi-1er-aout-qui-font-reagir-les-francais-on-nous-prend-pour-des-pigeons\\\/\",\"name\":\"Fake news sur la retraite, amendes pour les antis Linky, taxe fonci\u00e8re... Les 3 infos du vendredi 1er ao\u00fbt qui font r\u00e9agir les Fran\u00e7ais \\\"on nous prend pour des pigeons\\\" - Rachat de Cr\u00e9dit\",\"isPartOf\":{\"@id\":\"https:\\\/\\\/rachat2credit.fr\\\/guide\\\/#website\"},\"primaryImageOfPage\":{\"@id\":\"https:\\\/\\\/rachat2credit.fr\\\/guide\\\/fake-news-sur-la-retraite-amendes-pour-les-antis-linky-taxe-fonciere-les-3-infos-du-vendredi-1er-aout-qui-font-reagir-les-francais-on-nous-prend-pour-des-pigeons\\\/#primaryimage\"},\"image\":{\"@id\":\"https:\\\/\\\/rachat2credit.fr\\\/guide\\\/fake-news-sur-la-retraite-amendes-pour-les-antis-linky-taxe-fonciere-les-3-infos-du-vendredi-1er-aout-qui-font-reagir-les-francais-on-nous-prend-pour-des-pigeons\\\/#primaryimage\"},\"thumbnailUrl\":\"https:\\\/\\\/rachat2credit.fr\\\/guide\\\/wp-content\\\/uploads\\\/2025\\\/08\\\/flux-pro-1.1-929-1755497781.jpg\",\"datePublished\":\"2025-08-18T06:16:11+00:00\",\"breadcrumb\":{\"@id\":\"https:\\\/\\\/rachat2credit.fr\\\/guide\\\/fake-news-sur-la-retraite-amendes-pour-les-antis-linky-taxe-fonciere-les-3-infos-du-vendredi-1er-aout-qui-font-reagir-les-francais-on-nous-prend-pour-des-pigeons\\\/#breadcrumb\"},\"inLanguage\":\"fr-FR\",\"potentialAction\":[{\"@type\":\"ReadAction\",\"target\":[\"https:\\\/\\\/rachat2credit.fr\\\/guide\\\/fake-news-sur-la-retraite-amendes-pour-les-antis-linky-taxe-fonciere-les-3-infos-du-vendredi-1er-aout-qui-font-reagir-les-francais-on-nous-prend-pour-des-pigeons\\\/\"]}]},{\"@type\":\"ImageObject\",\"inLanguage\":\"fr-FR\",\"@id\":\"https:\\\/\\\/rachat2credit.fr\\\/guide\\\/fake-news-sur-la-retraite-amendes-pour-les-antis-linky-taxe-fonciere-les-3-infos-du-vendredi-1er-aout-qui-font-reagir-les-francais-on-nous-prend-pour-des-pigeons\\\/#primaryimage\",\"url\":\"https:\\\/\\\/rachat2credit.fr\\\/guide\\\/wp-content\\\/uploads\\\/2025\\\/08\\\/flux-pro-1.1-929-1755497781.jpg\",\"contentUrl\":\"https:\\\/\\\/rachat2credit.fr\\\/guide\\\/wp-content\\\/uploads\\\/2025\\\/08\\\/flux-pro-1.1-929-1755497781.jpg\",\"width\":1344,\"height\":768},{\"@type\":\"BreadcrumbList\",\"@id\":\"https:\\\/\\\/rachat2credit.fr\\\/guide\\\/fake-news-sur-la-retraite-amendes-pour-les-antis-linky-taxe-fonciere-les-3-infos-du-vendredi-1er-aout-qui-font-reagir-les-francais-on-nous-prend-pour-des-pigeons\\\/#breadcrumb\",\"itemListElement\":[{\"@type\":\"ListItem\",\"position\":1,\"name\":\"Accueil\",\"item\":\"https:\\\/\\\/rachat2credit.fr\\\/guide\\\/\"},{\"@type\":\"ListItem\",\"position\":2,\"name\":\"Fake news sur la retraite, amendes pour les antis Linky, taxe fonci\u00e8re&#8230; Les 3 infos du vendredi 1er ao\u00fbt qui font r\u00e9agir les Fran\u00e7ais \u00ab\u00a0on nous prend pour des pigeons\u00a0\u00bb\"}]},{\"@type\":\"WebSite\",\"@id\":\"https:\\\/\\\/rachat2credit.fr\\\/guide\\\/#website\",\"url\":\"https:\\\/\\\/rachat2credit.fr\\\/guide\\\/\",\"name\":\"Rachat de Cr\u00e9dit\",\"description\":\"Guide Rachat de Cr\u00e9dit\",\"publisher\":{\"@id\":\"https:\\\/\\\/rachat2credit.fr\\\/guide\\\/#organization\"},\"potentialAction\":[{\"@type\":\"SearchAction\",\"target\":{\"@type\":\"EntryPoint\",\"urlTemplate\":\"https:\\\/\\\/rachat2credit.fr\\\/guide\\\/?s={search_term_string}\"},\"query-input\":{\"@type\":\"PropertyValueSpecification\",\"valueRequired\":true,\"valueName\":\"search_term_string\"}}],\"inLanguage\":\"fr-FR\"},{\"@type\":\"Organization\",\"@id\":\"https:\\\/\\\/rachat2credit.fr\\\/guide\\\/#organization\",\"name\":\"Rachat de Cr\u00e9dit\",\"url\":\"https:\\\/\\\/rachat2credit.fr\\\/guide\\\/\",\"logo\":{\"@type\":\"ImageObject\",\"inLanguage\":\"fr-FR\",\"@id\":\"https:\\\/\\\/rachat2credit.fr\\\/guide\\\/#\\\/schema\\\/logo\\\/image\\\/\",\"url\":\"https:\\\/\\\/rachat2credit.fr\\\/guide\\\/wp-content\\\/uploads\\\/2025\\\/05\\\/rachat2credit.png\",\"contentUrl\":\"https:\\\/\\\/rachat2credit.fr\\\/guide\\\/wp-content\\\/uploads\\\/2025\\\/05\\\/rachat2credit.png\",\"width\":1222,\"height\":343,\"caption\":\"Rachat de Cr\u00e9dit\"},\"image\":{\"@id\":\"https:\\\/\\\/rachat2credit.fr\\\/guide\\\/#\\\/schema\\\/logo\\\/image\\\/\"}},{\"@type\":\"Person\",\"@id\":\"https:\\\/\\\/rachat2credit.fr\\\/guide\\\/#\\\/schema\\\/person\\\/d4142086d07bc6acdc4722eabd955cc2\",\"name\":\"Aurelien Boulanger\",\"image\":{\"@type\":\"ImageObject\",\"inLanguage\":\"fr-FR\",\"@id\":\"https:\\\/\\\/secure.gravatar.com\\\/avatar\\\/32175434c9ca2b27bfeb905d1c3ec782a789caf494bc0ec8fa6ed0ee39c2e62a?s=96&d=mm&r=g\",\"url\":\"https:\\\/\\\/secure.gravatar.com\\\/avatar\\\/32175434c9ca2b27bfeb905d1c3ec782a789caf494bc0ec8fa6ed0ee39c2e62a?s=96&d=mm&r=g\",\"contentUrl\":\"https:\\\/\\\/secure.gravatar.com\\\/avatar\\\/32175434c9ca2b27bfeb905d1c3ec782a789caf494bc0ec8fa6ed0ee39c2e62a?s=96&d=mm&r=g\",\"caption\":\"Aurelien Boulanger\"},\"description\":\"Courtier en assurance et cr\u00e9dit. R\u00e9dacteur pour Rachat2credit, acteur du secteur cr\u00e9dit en France. Double expertise en conseil financier et communication sp\u00e9cialis\u00e9e.\",\"sameAs\":[\"https:\\\/\\\/rachat2credit.fr\\\/guide\"],\"url\":\"https:\\\/\\\/rachat2credit.fr\\\/guide\\\/author\\\/aurelien\\\/\"}]}<\/script>\n<!-- \/ Yoast SEO plugin. -->","yoast_head_json":{"title":"Fake news sur la retraite, amendes pour les antis Linky, taxe fonci\u00e8re... Les 3 infos du vendredi 1er ao\u00fbt qui font r\u00e9agir les Fran\u00e7ais \"on nous prend pour des pigeons\" - Rachat de Cr\u00e9dit","robots":{"index":"index","follow":"follow","max-snippet":"max-snippet:-1","max-image-preview":"max-image-preview:large","max-video-preview":"max-video-preview:-1"},"canonical":"https:\/\/rachat2credit.fr\/guide\/fake-news-sur-la-retraite-amendes-pour-les-antis-linky-taxe-fonciere-les-3-infos-du-vendredi-1er-aout-qui-font-reagir-les-francais-on-nous-prend-pour-des-pigeons\/","og_locale":"fr_FR","og_type":"article","og_title":"Fake news sur la retraite, amendes pour les antis Linky, taxe fonci\u00e8re... Les 3 infos du vendredi 1er ao\u00fbt qui font r\u00e9agir les Fran\u00e7ais \"on nous prend pour des pigeons\" - Rachat de Cr\u00e9dit","og_description":"\u00ab\u00a0`html \u00ab\u00a0Fake news sur la retraite, amendes pour les &lsquo;antis&rsquo; Linky, taxe fonci\u00e8re&#8230; Ces 3 infos du 1er ao\u00fbt sont-elles cr\u00e9dibles ?\u00a0\u00bb Alors que les r\u00e9seaux sociaux bruissent de rumeurs en tous genres, trois sujets ont particuli\u00e8rement enflamm\u00e9 les d\u00e9bats ce vendredi 1er ao\u00fbt. Entre d\u00e9sinformation assum\u00e9e et mesures controvers\u00e9es, d\u00e9cryptage de ces informations qui ... Lire plus","og_url":"https:\/\/rachat2credit.fr\/guide\/fake-news-sur-la-retraite-amendes-pour-les-antis-linky-taxe-fonciere-les-3-infos-du-vendredi-1er-aout-qui-font-reagir-les-francais-on-nous-prend-pour-des-pigeons\/","og_site_name":"Rachat de Cr\u00e9dit","article_published_time":"2025-08-18T06:16:11+00:00","og_image":[{"width":1344,"height":768,"url":"https:\/\/rachat2credit.fr\/guide\/wp-content\/uploads\/2025\/08\/flux-pro-1.1-929-1755497781.jpg","type":"image\/jpeg"}],"author":"Aurelien Boulanger","twitter_card":"summary_large_image","twitter_misc":{"\u00c9crit par":"Aurelien Boulanger","Dur\u00e9e de lecture estim\u00e9e":"3 minutes"},"schema":{"@context":"https:\/\/schema.org","@graph":[{"@type":"NewsArticle","@id":"https:\/\/rachat2credit.fr\/guide\/fake-news-sur-la-retraite-amendes-pour-les-antis-linky-taxe-fonciere-les-3-infos-du-vendredi-1er-aout-qui-font-reagir-les-francais-on-nous-prend-pour-des-pigeons\/#article","isPartOf":{"@id":"https:\/\/rachat2credit.fr\/guide\/fake-news-sur-la-retraite-amendes-pour-les-antis-linky-taxe-fonciere-les-3-infos-du-vendredi-1er-aout-qui-font-reagir-les-francais-on-nous-prend-pour-des-pigeons\/"},"author":{"name":"Aurelien Boulanger","@id":"https:\/\/rachat2credit.fr\/guide\/#\/schema\/person\/d4142086d07bc6acdc4722eabd955cc2"},"headline":"Fake news sur la retraite, amendes pour les antis Linky, taxe fonci\u00e8re&#8230; Les 3 infos du vendredi 1er ao\u00fbt qui font r\u00e9agir les Fran\u00e7ais \u00ab\u00a0on nous prend pour des pigeons\u00a0\u00bb","datePublished":"2025-08-18T06:16:11+00:00","mainEntityOfPage":{"@id":"https:\/\/rachat2credit.fr\/guide\/fake-news-sur-la-retraite-amendes-pour-les-antis-linky-taxe-fonciere-les-3-infos-du-vendredi-1er-aout-qui-font-reagir-les-francais-on-nous-prend-pour-des-pigeons\/"},"wordCount":565,"commentCount":26,"publisher":{"@id":"https:\/\/rachat2credit.fr\/guide\/#organization"},"image":{"@id":"https:\/\/rachat2credit.fr\/guide\/fake-news-sur-la-retraite-amendes-pour-les-antis-linky-taxe-fonciere-les-3-infos-du-vendredi-1er-aout-qui-font-reagir-les-francais-on-nous-prend-pour-des-pigeons\/#primaryimage"},"thumbnailUrl":"https:\/\/rachat2credit.fr\/guide\/wp-content\/uploads\/2025\/08\/flux-pro-1.1-929-1755497781.jpg","articleSection":["A la une"],"inLanguage":"fr-FR","potentialAction":[{"@type":"CommentAction","name":"Comment","target":["https:\/\/rachat2credit.fr\/guide\/fake-news-sur-la-retraite-amendes-pour-les-antis-linky-taxe-fonciere-les-3-infos-du-vendredi-1er-aout-qui-font-reagir-les-francais-on-nous-prend-pour-des-pigeons\/#respond"]}]},{"@type":"WebPage","@id":"https:\/\/rachat2credit.fr\/guide\/fake-news-sur-la-retraite-amendes-pour-les-antis-linky-taxe-fonciere-les-3-infos-du-vendredi-1er-aout-qui-font-reagir-les-francais-on-nous-prend-pour-des-pigeons\/","url":"https:\/\/rachat2credit.fr\/guide\/fake-news-sur-la-retraite-amendes-pour-les-antis-linky-taxe-fonciere-les-3-infos-du-vendredi-1er-aout-qui-font-reagir-les-francais-on-nous-prend-pour-des-pigeons\/","name":"Fake news sur la retraite, amendes pour les antis Linky, taxe fonci\u00e8re... Les 3 infos du vendredi 1er ao\u00fbt qui font r\u00e9agir les Fran\u00e7ais \"on nous prend pour des pigeons\" - Rachat de Cr\u00e9dit","isPartOf":{"@id":"https:\/\/rachat2credit.fr\/guide\/#website"},"primaryImageOfPage":{"@id":"https:\/\/rachat2credit.fr\/guide\/fake-news-sur-la-retraite-amendes-pour-les-antis-linky-taxe-fonciere-les-3-infos-du-vendredi-1er-aout-qui-font-reagir-les-francais-on-nous-prend-pour-des-pigeons\/#primaryimage"},"image":{"@id":"https:\/\/rachat2credit.fr\/guide\/fake-news-sur-la-retraite-amendes-pour-les-antis-linky-taxe-fonciere-les-3-infos-du-vendredi-1er-aout-qui-font-reagir-les-francais-on-nous-prend-pour-des-pigeons\/#primaryimage"},"thumbnailUrl":"https:\/\/rachat2credit.fr\/guide\/wp-content\/uploads\/2025\/08\/flux-pro-1.1-929-1755497781.jpg","datePublished":"2025-08-18T06:16:11+00:00","breadcrumb":{"@id":"https:\/\/rachat2credit.fr\/guide\/fake-news-sur-la-retraite-amendes-pour-les-antis-linky-taxe-fonciere-les-3-infos-du-vendredi-1er-aout-qui-font-reagir-les-francais-on-nous-prend-pour-des-pigeons\/#breadcrumb"},"inLanguage":"fr-FR","potentialAction":[{"@type":"ReadAction","target":["https:\/\/rachat2credit.fr\/guide\/fake-news-sur-la-retraite-amendes-pour-les-antis-linky-taxe-fonciere-les-3-infos-du-vendredi-1er-aout-qui-font-reagir-les-francais-on-nous-prend-pour-des-pigeons\/"]}]},{"@type":"ImageObject","inLanguage":"fr-FR","@id":"https:\/\/rachat2credit.fr\/guide\/fake-news-sur-la-retraite-amendes-pour-les-antis-linky-taxe-fonciere-les-3-infos-du-vendredi-1er-aout-qui-font-reagir-les-francais-on-nous-prend-pour-des-pigeons\/#primaryimage","url":"https:\/\/rachat2credit.fr\/guide\/wp-content\/uploads\/2025\/08\/flux-pro-1.1-929-1755497781.jpg","contentUrl":"https:\/\/rachat2credit.fr\/guide\/wp-content\/uploads\/2025\/08\/flux-pro-1.1-929-1755497781.jpg","width":1344,"height":768},{"@type":"BreadcrumbList","@id":"https:\/\/rachat2credit.fr\/guide\/fake-news-sur-la-retraite-amendes-pour-les-antis-linky-taxe-fonciere-les-3-infos-du-vendredi-1er-aout-qui-font-reagir-les-francais-on-nous-prend-pour-des-pigeons\/#breadcrumb","itemListElement":[{"@type":"ListItem","position":1,"name":"Accueil","item":"https:\/\/rachat2credit.fr\/guide\/"},{"@type":"ListItem","position":2,"name":"Fake news sur la retraite, amendes pour les antis Linky, taxe fonci\u00e8re&#8230; Les 3 infos du vendredi 1er ao\u00fbt qui font r\u00e9agir les Fran\u00e7ais \u00ab\u00a0on nous prend pour des pigeons\u00a0\u00bb"}]},{"@type":"WebSite","@id":"https:\/\/rachat2credit.fr\/guide\/#website","url":"https:\/\/rachat2credit.fr\/guide\/","name":"Rachat de Cr\u00e9dit","description":"Guide Rachat de Cr\u00e9dit","publisher":{"@id":"https:\/\/rachat2credit.fr\/guide\/#organization"},"potentialAction":[{"@type":"SearchAction","target":{"@type":"EntryPoint","urlTemplate":"https:\/\/rachat2credit.fr\/guide\/?s={search_term_string}"},"query-input":{"@type":"PropertyValueSpecification","valueRequired":true,"valueName":"search_term_string"}}],"inLanguage":"fr-FR"},{"@type":"Organization","@id":"https:\/\/rachat2credit.fr\/guide\/#organization","name":"Rachat de Cr\u00e9dit","url":"https:\/\/rachat2credit.fr\/guide\/","logo":{"@type":"ImageObject","inLanguage":"fr-FR","@id":"https:\/\/rachat2credit.fr\/guide\/#\/schema\/logo\/image\/","url":"https:\/\/rachat2credit.fr\/guide\/wp-content\/uploads\/2025\/05\/rachat2credit.png","contentUrl":"https:\/\/rachat2credit.fr\/guide\/wp-content\/uploads\/2025\/05\/rachat2credit.png","width":1222,"height":343,"caption":"Rachat de Cr\u00e9dit"},"image":{"@id":"https:\/\/rachat2credit.fr\/guide\/#\/schema\/logo\/image\/"}},{"@type":"Person","@id":"https:\/\/rachat2credit.fr\/guide\/#\/schema\/person\/d4142086d07bc6acdc4722eabd955cc2","name":"Aurelien Boulanger","image":{"@type":"ImageObject","inLanguage":"fr-FR","@id":"https:\/\/secure.gravatar.com\/avatar\/32175434c9ca2b27bfeb905d1c3ec782a789caf494bc0ec8fa6ed0ee39c2e62a?s=96&d=mm&r=g","url":"https:\/\/secure.gravatar.com\/avatar\/32175434c9ca2b27bfeb905d1c3ec782a789caf494bc0ec8fa6ed0ee39c2e62a?s=96&d=mm&r=g","contentUrl":"https:\/\/secure.gravatar.com\/avatar\/32175434c9ca2b27bfeb905d1c3ec782a789caf494bc0ec8fa6ed0ee39c2e62a?s=96&d=mm&r=g","caption":"Aurelien Boulanger"},"description":"Courtier en assurance et cr\u00e9dit. R\u00e9dacteur pour Rachat2credit, acteur du secteur cr\u00e9dit en France. Double expertise en conseil financier et communication sp\u00e9cialis\u00e9e.","sameAs":["https:\/\/rachat2credit.fr\/guide"],"url":"https:\/\/rachat2credit.fr\/guide\/author\/aurelien\/"}]}},"_links":{"self":[{"href":"https:\/\/rachat2credit.fr\/guide\/wp-json\/wp\/v2\/posts\/929","targetHints":{"allow":["GET"]}}],"collection":[{"href":"https:\/\/rachat2credit.fr\/guide\/wp-json\/wp\/v2\/posts"}],"about":[{"href":"https:\/\/rachat2credit.fr\/guide\/wp-json\/wp\/v2\/types\/post"}],"author":[{"embeddable":true,"href":"https:\/\/rachat2credit.fr\/guide\/wp-json\/wp\/v2\/users\/1"}],"replies":[{"embeddable":true,"href":"https:\/\/rachat2credit.fr\/guide\/wp-json\/wp\/v2\/comments?post=929"}],"version-history":[{"count":0,"href":"https:\/\/rachat2credit.fr\/guide\/wp-json\/wp\/v2\/posts\/929\/revisions"}],"wp:featuredmedia":[{"embeddable":true,"href":"https:\/\/rachat2credit.fr\/guide\/wp-json\/wp\/v2\/media\/930"}],"wp:attachment":[{"href":"https:\/\/rachat2credit.fr\/guide\/wp-json\/wp\/v2\/media?parent=929"}],"wp:term":[{"taxonomy":"category","embeddable":true,"href":"https:\/\/rachat2credit.fr\/guide\/wp-json\/wp\/v2\/categories?post=929"},{"taxonomy":"post_tag","embeddable":true,"href":"https:\/\/rachat2credit.fr\/guide\/wp-json\/wp\/v2\/tags?post=929"}],"curies":[{"name":"wp","href":"https:\/\/api.w.org\/{rel}","templated":true}]}}