{"id":955,"date":"2025-08-19T14:16:28","date_gmt":"2025-08-19T12:16:28","guid":{"rendered":"https:\/\/rachat2credit.fr\/guide\/pourquoi-la-generation-1953-touche-une-retraite-24-plus-elevee-que-celle-nee-en-1930-jai-travaille-moins-dannees-et-je-percois-800-euros-de-plus-par-mois\/"},"modified":"2025-08-19T14:16:28","modified_gmt":"2025-08-19T12:16:28","slug":"pourquoi-la-generation-1953-touche-une-retraite-24-plus-elevee-que-celle-nee-en-1930-jai-travaille-moins-dannees-et-je-percois-800-euros-de-plus-par-mois","status":"publish","type":"post","link":"https:\/\/rachat2credit.fr\/guide\/pourquoi-la-generation-1953-touche-une-retraite-24-plus-elevee-que-celle-nee-en-1930-jai-travaille-moins-dannees-et-je-percois-800-euros-de-plus-par-mois\/","title":{"rendered":"Pourquoi la g\u00e9n\u00e9ration 1953 touche une retraite 24% plus \u00e9lev\u00e9e que celle n\u00e9e en 1930 \u201cj\u2019ai travaill\u00e9 moins d\u2019ann\u00e9es et je per\u00e7ois 800 euros de plus par mois\u201d"},"content":{"rendered":"<p>Dans un contexte de r\u00e9formes des retraites successives et de d\u00e9bats passionn\u00e9s sur le syst\u00e8me par r\u00e9partition, une disparit\u00e9 interg\u00e9n\u00e9rationnelle frappe l\u2019opinion. Les retrait\u00e9s n\u00e9s en 1953 percevraient une pension moyenne pr\u00e8s d\u2019un quart sup\u00e9rieure \u00e0 celle de la g\u00e9n\u00e9ration 1930. Un \u00e9cart qui suscite incompr\u00e9hension et interrogation sur les m\u00e9canismes de calcul des retraites en France.<\/p>\n<p>Cette diff\u00e9rence de traitement, loin d\u2019\u00eatre anecdotique, s\u2019expliquerait par une conjonction de facteurs \u00e9conomiques, d\u00e9mographiques et l\u00e9gislatifs. Le syst\u00e8me des retraites, souvent per\u00e7u comme une for\u00eat obscure de calculs, cacherait des r\u00e9alit\u00e9s historiques m\u00e9connues du grand public.<\/p>\n<div id=\"ez-toc-container\" class=\"ez-toc-v2_0_82_2 counter-hierarchy ez-toc-counter ez-toc-grey ez-toc-container-direction\">\n<p class=\"ez-toc-title\" style=\"cursor:inherit\">Sommaire<\/p>\n<label for=\"ez-toc-cssicon-toggle-item-69f106ce2578c\" class=\"ez-toc-cssicon-toggle-label\"><span class=\"ez-toc-cssicon\"><span class=\"eztoc-hide\" style=\"display:none;\">Toggle<\/span><span class=\"ez-toc-icon-toggle-span\"><svg style=\"fill: #999;color:#999\" xmlns=\"http:\/\/www.w3.org\/2000\/svg\" class=\"list-377408\" width=\"20px\" height=\"20px\" viewBox=\"0 0 24 24\" fill=\"none\"><path d=\"M6 6H4v2h2V6zm14 0H8v2h12V6zM4 11h2v2H4v-2zm16 0H8v2h12v-2zM4 16h2v2H4v-2zm16 0H8v2h12v-2z\" fill=\"currentColor\"><\/path><\/svg><svg style=\"fill: #999;color:#999\" class=\"arrow-unsorted-368013\" xmlns=\"http:\/\/www.w3.org\/2000\/svg\" width=\"10px\" height=\"10px\" viewBox=\"0 0 24 24\" version=\"1.2\" baseProfile=\"tiny\"><path d=\"M18.2 9.3l-6.2-6.3-6.2 6.3c-.2.2-.3.4-.3.7s.1.5.3.7c.2.2.4.3.7.3h11c.3 0 .5-.1.7-.3.2-.2.3-.5.3-.7s-.1-.5-.3-.7zM5.8 14.7l6.2 6.3 6.2-6.3c.2-.2.3-.5.3-.7s-.1-.5-.3-.7c-.2-.2-.4-.3-.7-.3h-11c-.3 0-.5.1-.7.3-.2.2-.3.5-.3.7s.1.5.3.7z\"\/><\/svg><\/span><\/span><\/label><input type=\"checkbox\"  id=\"ez-toc-cssicon-toggle-item-69f106ce2578c\" checked aria-label=\"Toggle\" \/><nav><ul class='ez-toc-list ez-toc-list-level-1 ' ><li class='ez-toc-page-1 ez-toc-heading-level-3'><a class=\"ez-toc-link ez-toc-heading-1\" href=\"https:\/\/rachat2credit.fr\/guide\/pourquoi-la-generation-1953-touche-une-retraite-24-plus-elevee-que-celle-nee-en-1930-jai-travaille-moins-dannees-et-je-percois-800-euros-de-plus-par-mois\/#Lhistoire_de_Pierre_un_retraite_etonne\" >L\u2019histoire de Pierre, un retrait\u00e9 \u00e9tonn\u00e9<\/a><\/li><li class='ez-toc-page-1 ez-toc-heading-level-3'><a class=\"ez-toc-link ez-toc-heading-2\" href=\"https:\/\/rachat2credit.fr\/guide\/pourquoi-la-generation-1953-touche-une-retraite-24-plus-elevee-que-celle-nee-en-1930-jai-travaille-moins-dannees-et-je-percois-800-euros-de-plus-par-mois\/#Les_raisons_structurelles_dun_ecart_generationnel\" >Les raisons structurelles d\u2019un \u00e9cart g\u00e9n\u00e9rationnel<\/a><\/li><li class='ez-toc-page-1 ez-toc-heading-level-3'><a class=\"ez-toc-link ez-toc-heading-3\" href=\"https:\/\/rachat2credit.fr\/guide\/pourquoi-la-generation-1953-touche-une-retraite-24-plus-elevee-que-celle-nee-en-1930-jai-travaille-moins-dannees-et-je-percois-800-euros-de-plus-par-mois\/#Limpact_determinant_des_reformes\" >L\u2019impact d\u00e9terminant des r\u00e9formes<\/a><\/li><li class='ez-toc-page-1 ez-toc-heading-level-3'><a class=\"ez-toc-link ez-toc-heading-4\" href=\"https:\/\/rachat2credit.fr\/guide\/pourquoi-la-generation-1953-touche-une-retraite-24-plus-elevee-que-celle-nee-en-1930-jai-travaille-moins-dannees-et-je-percois-800-euros-de-plus-par-mois\/#Un_contexte_economique_favorable\" >Un contexte \u00e9conomique favorable<\/a><\/li><li class='ez-toc-page-1 ez-toc-heading-level-3'><a class=\"ez-toc-link ez-toc-heading-5\" href=\"https:\/\/rachat2credit.fr\/guide\/pourquoi-la-generation-1953-touche-une-retraite-24-plus-elevee-que-celle-nee-en-1930-jai-travaille-moins-dannees-et-je-percois-800-euros-de-plus-par-mois\/#Les_reactions_mitigees_des_concernes\" >Les r\u00e9actions mitig\u00e9es des concern\u00e9s<\/a><\/li><li class='ez-toc-page-1 ez-toc-heading-level-3'><a class=\"ez-toc-link ez-toc-heading-6\" href=\"https:\/\/rachat2credit.fr\/guide\/pourquoi-la-generation-1953-touche-une-retraite-24-plus-elevee-que-celle-nee-en-1930-jai-travaille-moins-dannees-et-je-percois-800-euros-de-plus-par-mois\/#Les_perspectives_pour_les_generations_futures\" >Les perspectives pour les g\u00e9n\u00e9rations futures<\/a><\/li><li class='ez-toc-page-1 ez-toc-heading-level-3'><a class=\"ez-toc-link ez-toc-heading-7\" href=\"https:\/\/rachat2credit.fr\/guide\/pourquoi-la-generation-1953-touche-une-retraite-24-plus-elevee-que-celle-nee-en-1930-jai-travaille-moins-dannees-et-je-percois-800-euros-de-plus-par-mois\/#Vers_une_prise_de_conscience_collective\" >Vers une prise de conscience collective<\/a><\/li><\/ul><\/nav><\/div>\n<h3><span class=\"ez-toc-section\" id=\"Lhistoire_de_Pierre_un_retraite_etonne\"><\/span>L\u2019histoire de Pierre, un retrait\u00e9 \u00e9tonn\u00e9<span class=\"ez-toc-section-end\"><\/span><\/h3>\n<p>Pierre, 72 ans, ancien ouvrier dans la m\u00e9tallurgie, a d\u00e9couvert cet \u00e9cart en comparant sa situation avec celle de son voisin, Robert, retrait\u00e9 depuis cinq ans. \u00ab\u00a0Quand Robert m\u2019a parl\u00e9 du montant de sa pension, je n\u2019ai d\u2019abord pas voulu le croire. Nous avons pourtant cotis\u00e9 autant d\u2019ann\u00e9es, dans le m\u00eame secteur. Cette diff\u00e9rence me semble injuste,\u00a0\u00bb confie Pierre, dont la retraite s\u2019\u00e9l\u00e8ve \u00e0 1 200 euros mensuels.<\/p>\n<p>Robert, lui, per\u00e7oit pr\u00e8s de 1 500 euros pour une carri\u00e8re similaire. \u00ab\u00a0Je comprends que Pierre soit surpris. Le syst\u00e8me a chang\u00e9 entre-temps, mais ce n\u2019est pas de ma faute,\u00a0\u00bb temp\u00e8re-t-il, un peu g\u00ean\u00e9.<\/p>\n<h3><span class=\"ez-toc-section\" id=\"Les_raisons_structurelles_dun_ecart_generationnel\"><\/span>Les raisons structurelles d\u2019un \u00e9cart g\u00e9n\u00e9rationnel<span class=\"ez-toc-section-end\"><\/span><\/h3>\n<p>Plusieurs \u00e9l\u00e9ments-cl\u00e9s permettraient d\u2019expliquer cette diff\u00e9rence de traitement entre g\u00e9n\u00e9rations. D\u2019abord, la p\u00e9riode d\u2019activit\u00e9 professionnelle des personnes n\u00e9es en 1953 aurait \u00e9t\u00e9 marqu\u00e9e par une croissance \u00e9conomique plus forte que celle de la g\u00e9n\u00e9ration 1930, impactant directement le niveau des salaires et donc des cotisations.<\/p>\n<p>Ensuite, les r\u00e9formes des retraites successives auraient modifi\u00e9 les r\u00e8gles de calcul, notamment la dur\u00e9e de cotisation requise. La g\u00e9n\u00e9ration 1930 aurait \u00e9t\u00e9 concern\u00e9e par des r\u00e8gles moins avantageuses concernant le calcul de la pension de base.<\/p>\n<p>Enfin, l\u2019<a href=\"https:\/\/www.lassuranceretraite.fr\/portail-info\/home.html\" target=\"_blank\" rel=\"noopener\">Assurance retraite<\/a> indique que les salaires des ann\u00e9es 1970-1980, p\u00e9riode o\u00f9 les 1953 \u00e9taient en pleine activit\u00e9, auraient connu une progression significative par rapport aux ann\u00e9es 1950-1960.<\/p>\n<h3><span class=\"ez-toc-section\" id=\"Limpact_determinant_des_reformes\"><\/span>L\u2019impact d\u00e9terminant des r\u00e9formes<span class=\"ez-toc-section-end\"><\/span><\/h3>\n<p>Les diff\u00e9rentes r\u00e9formes des retraites auraient cr\u00e9\u00e9 des effets de seuil entre g\u00e9n\u00e9rations. La g\u00e9n\u00e9ration n\u00e9e en 1930 aurait \u00e9t\u00e9 retrait\u00e9e avant certaines \u00e9volutions l\u00e9gislatives qui auraient favoris\u00e9 les g\u00e9n\u00e9rations suivantes.<\/p>\n<p>Le passage progressif de 37,5 \u00e0 40 annuit\u00e9s pour obtenir une retraite \u00e0 taux plein aurait particuli\u00e8rement d\u00e9savantag\u00e9 certaines g\u00e9n\u00e9rations charni\u00e8res. Les personnes n\u00e9es en 1930 auraient subi de plein fouet ces transitions parfois brutales.<\/p>\n<h3><span class=\"ez-toc-section\" id=\"Un_contexte_economique_favorable\"><\/span>Un contexte \u00e9conomique favorable<span class=\"ez-toc-section-end\"><\/span><\/h3>\n<p>La p\u00e9riode de forte croissance des Trente Glorieuses (1945-1975) aurait particuli\u00e8rement b\u00e9n\u00e9fici\u00e9 \u00e0 la g\u00e9n\u00e9ration 1953, entr\u00e9e sur le march\u00e9 du travail dans les ann\u00e9es 1970. Cette p\u00e9riode \u00e9conomique exceptionnelle aurait permis des salaires plus \u00e9lev\u00e9s et donc des cotisations plus importantes.<\/p>\n<p>\u00c0 l\u2019inverse, la g\u00e9n\u00e9ration 1930 aurait connu sa p\u00e9riode d\u2019activit\u00e9 durant des phases \u00e9conomiques plus contrast\u00e9es, avec notamment les cons\u00e9quences de la Seconde Guerre mondiale et les difficult\u00e9s de la reconstruction.<\/p>\n<h3><span class=\"ez-toc-section\" id=\"Les_reactions_mitigees_des_concernes\"><\/span>Les r\u00e9actions mitig\u00e9es des concern\u00e9s<span class=\"ez-toc-section-end\"><\/span><\/h3>\n<p>Face \u00e0 ces \u00e9carts, les sentiments varient. Certains y voient une injustice flagrante, tandis que d\u2019estiment que chaque g\u00e9n\u00e9ration fait face \u00e0 son propre contexte.<\/p>\n<p>\u00ab\u00a0Nous avons travaill\u00e9 aussi dur qu\u2019eux, dans des conditions souvent plus difficiles. Cette diff\u00e9rence est am\u00e8re,\u00a0\u00bb t\u00e9moigne Suzanne, 92 ans, n\u00e9e en 1930.<\/p>\n<p>\u00c0 l\u2019inverse, Michel, 68 ans, n\u00e9 en 1953, relativise : \u00ab\u00a0Chaque \u00e9poque a ses avantages et ses inconv\u00e9nients. Nous avons connu le ch\u00f4mage de masse et les restructurations que la g\u00e9n\u00e9ration pr\u00e9c\u00e9dente n\u2019a pas connues.\u00a0\u00bb<\/p>\n<h3><span class=\"ez-toc-section\" id=\"Les_perspectives_pour_les_generations_futures\"><\/span>Les perspectives pour les g\u00e9n\u00e9rations futures<span class=\"ez-toc-section-end\"><\/span><\/h3>\n<p>Cette situation interroge sur l\u2019avenir du syst\u00e8me par r\u00e9partition. Les g\u00e9n\u00e9rations actives pourraient-elles conna\u00eetre un sort similaire avec des \u00e9carts importants selon leur ann\u00e9e de naissance ?<\/p>\n<p>Les experts s\u2019accordent \u00e0 dire que les r\u00e9formes r\u00e9centes, notamment celle de 2023, cherchent \u00e0 uniformiser les r\u00e8gles pour limiter ces effets de g\u00e9n\u00e9ration. La mont\u00e9e en puissance du syst\u00e8me par points viserait \u00e0 cr\u00e9er une \u00e9quit\u00e9 entre tous les assur\u00e9s, quel que soit leur ann\u00e9e de naissance.<\/p>\n<p>Pour comprendre ces m\u00e9canismes complexes, le <a href=\"https:\/\/www.service-public.fr\/particuliers\/vosdroits\/F42\" target=\"_blank\" rel=\"noopener\">service public<\/a> met \u00e0 disposition des simulateurs permettant d\u2019estimer sa future retraite selon sa situation personnelle.<\/p>\n<h3><span class=\"ez-toc-section\" id=\"Vers_une_prise_de_conscience_collective\"><\/span>Vers une prise de conscience collective<span class=\"ez-toc-section-end\"><\/span><\/h3>\n<p>Cette disparit\u00e9 g\u00e9n\u00e9rationnelle soul\u00e8ve des questions fondamentales sur la solidarit\u00e9 interg\u00e9n\u00e9rationnelle et l\u2019\u00e9quit\u00e9 du syst\u00e8me. Elle r\u00e9v\u00e8le comment l\u2019histoire \u00e9conomique et les r\u00e9formes successives peuvent cr\u00e9er des in\u00e9galit\u00e9s impr\u00e9vues entre ceux qui ont pourtant cotis\u00e9 toute leur vie.<\/p>\n<p>Alors que le d\u00e9bat sur les retraites continue d\u2019animer la vie politique fran\u00e7aise, la situation des g\u00e9n\u00e9rations 1930 et 1953 rappelle que tout changement du syst\u00e8me a des cons\u00e9quences concr\u00e8tes sur des millions de vies, parfois pendant des d\u00e9cennies.<\/p>\n<p>Comprendre ces m\u00e9canismes, c\u2019est peut-\u00eatre mieux appr\u00e9hender les enjeux des r\u00e9formes \u00e0 venir et leur impact sur les g\u00e9n\u00e9rations futures qui, \u00e0 leur tour, compareront leurs pensions avec celles de leurs a\u00een\u00e9s.<\/p>\n\n\n<div class=\"kk-star-ratings kksr-auto kksr-align-center kksr-valign-bottom\"\n    data-payload='{&quot;align&quot;:&quot;center&quot;,&quot;id&quot;:&quot;955&quot;,&quot;slug&quot;:&quot;default&quot;,&quot;valign&quot;:&quot;bottom&quot;,&quot;ignore&quot;:&quot;&quot;,&quot;reference&quot;:&quot;auto&quot;,&quot;class&quot;:&quot;&quot;,&quot;count&quot;:&quot;0&quot;,&quot;legendonly&quot;:&quot;&quot;,&quot;readonly&quot;:&quot;&quot;,&quot;score&quot;:&quot;0&quot;,&quot;starsonly&quot;:&quot;&quot;,&quot;best&quot;:&quot;5&quot;,&quot;gap&quot;:&quot;5&quot;,&quot;greet&quot;:&quot;&quot;,&quot;legend&quot;:&quot;0\\\/5 - (0 vote)&quot;,&quot;size&quot;:&quot;24&quot;,&quot;title&quot;:&quot;Pourquoi la g\u00e9n\u00e9ration 1953 touche une retraite 24% plus \u00e9lev\u00e9e que celle n\u00e9e en 1930 \u201cj\u2019ai travaill\u00e9 moins d\u2019ann\u00e9es et je per\u00e7ois 800 euros de plus par mois\u201d&quot;,&quot;width&quot;:&quot;0&quot;,&quot;_legend&quot;:&quot;{score}\\\/{best} - ({count} {votes})&quot;,&quot;font_factor&quot;:&quot;1.25&quot;}'>\n            \n<div class=\"kksr-stars\">\n    \n<div class=\"kksr-stars-inactive\">\n            <div class=\"kksr-star\" data-star=\"1\" style=\"padding-right: 5px\">\n            \n\n<div class=\"kksr-icon\" style=\"width: 24px; height: 24px;\"><\/div>\n        <\/div>\n            <div class=\"kksr-star\" data-star=\"2\" style=\"padding-right: 5px\">\n            \n\n<div class=\"kksr-icon\" style=\"width: 24px; height: 24px;\"><\/div>\n        <\/div>\n            <div class=\"kksr-star\" data-star=\"3\" style=\"padding-right: 5px\">\n            \n\n<div class=\"kksr-icon\" style=\"width: 24px; height: 24px;\"><\/div>\n        <\/div>\n            <div class=\"kksr-star\" data-star=\"4\" style=\"padding-right: 5px\">\n            \n\n<div class=\"kksr-icon\" style=\"width: 24px; height: 24px;\"><\/div>\n        <\/div>\n            <div class=\"kksr-star\" data-star=\"5\" style=\"padding-right: 5px\">\n            \n\n<div class=\"kksr-icon\" style=\"width: 24px; height: 24px;\"><\/div>\n        <\/div>\n    <\/div>\n    \n<div class=\"kksr-stars-active\" style=\"width: 0px;\">\n            <div class=\"kksr-star\" style=\"padding-right: 5px\">\n            \n\n<div class=\"kksr-icon\" style=\"width: 24px; height: 24px;\"><\/div>\n        <\/div>\n            <div class=\"kksr-star\" style=\"padding-right: 5px\">\n            \n\n<div class=\"kksr-icon\" style=\"width: 24px; height: 24px;\"><\/div>\n        <\/div>\n            <div class=\"kksr-star\" style=\"padding-right: 5px\">\n            \n\n<div class=\"kksr-icon\" style=\"width: 24px; height: 24px;\"><\/div>\n        <\/div>\n            <div class=\"kksr-star\" style=\"padding-right: 5px\">\n            \n\n<div class=\"kksr-icon\" style=\"width: 24px; height: 24px;\"><\/div>\n        <\/div>\n            <div class=\"kksr-star\" style=\"padding-right: 5px\">\n            \n\n<div class=\"kksr-icon\" style=\"width: 24px; height: 24px;\"><\/div>\n        <\/div>\n    <\/div>\n<\/div>\n                \n\n<div class=\"kksr-legend\" style=\"font-size: 19.2px;\">\n            <span class=\"kksr-muted\"><\/span>\n    <\/div>\n    <\/div>\n","protected":false},"excerpt":{"rendered":"<p>Dans un contexte de r\u00e9formes des retraites successives et de d\u00e9bats passionn\u00e9s sur le syst\u00e8me par r\u00e9partition, une disparit\u00e9 interg\u00e9n\u00e9rationnelle frappe l\u2019opinion. Les retrait\u00e9s n\u00e9s en 1953 percevraient une pension moyenne pr\u00e8s d\u2019un quart sup\u00e9rieure \u00e0 celle de la g\u00e9n\u00e9ration 1930. Un \u00e9cart qui suscite incompr\u00e9hension et interrogation sur les m\u00e9canismes de calcul des retraites &#8230; <a title=\"Pourquoi la g\u00e9n\u00e9ration 1953 touche une retraite 24% plus \u00e9lev\u00e9e que celle n\u00e9e en 1930 \u201cj\u2019ai travaill\u00e9 moins d\u2019ann\u00e9es et je per\u00e7ois 800 euros de plus par mois\u201d\" class=\"read-more\" href=\"https:\/\/rachat2credit.fr\/guide\/pourquoi-la-generation-1953-touche-une-retraite-24-plus-elevee-que-celle-nee-en-1930-jai-travaille-moins-dannees-et-je-percois-800-euros-de-plus-par-mois\/\" aria-label=\"En savoir plus sur Pourquoi la g\u00e9n\u00e9ration 1953 touche une retraite 24% plus \u00e9lev\u00e9e que celle n\u00e9e en 1930 \u201cj\u2019ai travaill\u00e9 moins d\u2019ann\u00e9es et je per\u00e7ois 800 euros de plus par mois\u201d\">Lire plus<\/a><\/p>\n","protected":false},"author":1,"featured_media":956,"comment_status":"open","ping_status":"open","sticky":false,"template":"","format":"standard","meta":{"footnotes":""},"categories":[8],"tags":[],"class_list":["post-955","post","type-post","status-publish","format-standard","has-post-thumbnail","hentry","category-a-la-une"],"yoast_head":"<!-- This site is optimized with the Yoast SEO plugin v27.5 - https:\/\/yoast.com\/product\/yoast-seo-wordpress\/ -->\n<title>Pourquoi la g\u00e9n\u00e9ration 1953 touche une retraite 24% plus \u00e9lev\u00e9e que celle n\u00e9e en 1930 \u201cj\u2019ai travaill\u00e9 moins d\u2019ann\u00e9es et je per\u00e7ois 800 euros de plus par mois\u201d - Rachat de Cr\u00e9dit<\/title>\n<meta name=\"robots\" content=\"index, follow, max-snippet:-1, max-image-preview:large, max-video-preview:-1\" \/>\n<link rel=\"canonical\" href=\"https:\/\/rachat2credit.fr\/guide\/pourquoi-la-generation-1953-touche-une-retraite-24-plus-elevee-que-celle-nee-en-1930-jai-travaille-moins-dannees-et-je-percois-800-euros-de-plus-par-mois\/\" \/>\n<meta property=\"og:locale\" content=\"fr_FR\" \/>\n<meta property=\"og:type\" content=\"article\" \/>\n<meta property=\"og:title\" content=\"Pourquoi la g\u00e9n\u00e9ration 1953 touche une retraite 24% plus \u00e9lev\u00e9e que celle n\u00e9e en 1930 \u201cj\u2019ai travaill\u00e9 moins d\u2019ann\u00e9es et je per\u00e7ois 800 euros de plus par mois\u201d - Rachat de Cr\u00e9dit\" \/>\n<meta property=\"og:description\" content=\"Dans un contexte de r\u00e9formes des retraites successives et de d\u00e9bats passionn\u00e9s sur le syst\u00e8me par r\u00e9partition, une disparit\u00e9 interg\u00e9n\u00e9rationnelle frappe l\u2019opinion. Les retrait\u00e9s n\u00e9s en 1953 percevraient une pension moyenne pr\u00e8s d\u2019un quart sup\u00e9rieure \u00e0 celle de la g\u00e9n\u00e9ration 1930. Un \u00e9cart qui suscite incompr\u00e9hension et interrogation sur les m\u00e9canismes de calcul des retraites ... Lire plus\" \/>\n<meta property=\"og:url\" content=\"https:\/\/rachat2credit.fr\/guide\/pourquoi-la-generation-1953-touche-une-retraite-24-plus-elevee-que-celle-nee-en-1930-jai-travaille-moins-dannees-et-je-percois-800-euros-de-plus-par-mois\/\" \/>\n<meta property=\"og:site_name\" content=\"Rachat de Cr\u00e9dit\" \/>\n<meta property=\"article:published_time\" content=\"2025-08-19T12:16:28+00:00\" \/>\n<meta property=\"og:image\" content=\"https:\/\/rachat2credit.fr\/guide\/wp-content\/uploads\/2025\/08\/flux-pro-1.1-955-1755605798.jpg\" \/>\n\t<meta property=\"og:image:width\" content=\"1344\" \/>\n\t<meta property=\"og:image:height\" content=\"768\" \/>\n\t<meta property=\"og:image:type\" content=\"image\/jpeg\" \/>\n<meta name=\"author\" content=\"Aurelien Boulanger\" \/>\n<meta name=\"twitter:card\" content=\"summary_large_image\" \/>\n<meta name=\"twitter:label1\" content=\"\u00c9crit par\" \/>\n\t<meta name=\"twitter:data1\" content=\"Aurelien Boulanger\" \/>\n\t<meta name=\"twitter:label2\" content=\"Dur\u00e9e de lecture estim\u00e9e\" \/>\n\t<meta name=\"twitter:data2\" content=\"5 minutes\" \/>\n<script type=\"application\/ld+json\" class=\"yoast-schema-graph\">{\"@context\":\"https:\\\/\\\/schema.org\",\"@graph\":[{\"@type\":\"NewsArticle\",\"@id\":\"https:\\\/\\\/rachat2credit.fr\\\/guide\\\/pourquoi-la-generation-1953-touche-une-retraite-24-plus-elevee-que-celle-nee-en-1930-jai-travaille-moins-dannees-et-je-percois-800-euros-de-plus-par-mois\\\/#article\",\"isPartOf\":{\"@id\":\"https:\\\/\\\/rachat2credit.fr\\\/guide\\\/pourquoi-la-generation-1953-touche-une-retraite-24-plus-elevee-que-celle-nee-en-1930-jai-travaille-moins-dannees-et-je-percois-800-euros-de-plus-par-mois\\\/\"},\"author\":{\"name\":\"Aurelien Boulanger\",\"@id\":\"https:\\\/\\\/rachat2credit.fr\\\/guide\\\/#\\\/schema\\\/person\\\/d4142086d07bc6acdc4722eabd955cc2\"},\"headline\":\"Pourquoi la g\u00e9n\u00e9ration 1953 touche une retraite 24% plus \u00e9lev\u00e9e que celle n\u00e9e en 1930 \u201cj\u2019ai travaill\u00e9 moins d\u2019ann\u00e9es et je per\u00e7ois 800 euros de plus par mois\u201d\",\"datePublished\":\"2025-08-19T12:16:28+00:00\",\"mainEntityOfPage\":{\"@id\":\"https:\\\/\\\/rachat2credit.fr\\\/guide\\\/pourquoi-la-generation-1953-touche-une-retraite-24-plus-elevee-que-celle-nee-en-1930-jai-travaille-moins-dannees-et-je-percois-800-euros-de-plus-par-mois\\\/\"},\"wordCount\":948,\"commentCount\":21,\"publisher\":{\"@id\":\"https:\\\/\\\/rachat2credit.fr\\\/guide\\\/#organization\"},\"image\":{\"@id\":\"https:\\\/\\\/rachat2credit.fr\\\/guide\\\/pourquoi-la-generation-1953-touche-une-retraite-24-plus-elevee-que-celle-nee-en-1930-jai-travaille-moins-dannees-et-je-percois-800-euros-de-plus-par-mois\\\/#primaryimage\"},\"thumbnailUrl\":\"https:\\\/\\\/rachat2credit.fr\\\/guide\\\/wp-content\\\/uploads\\\/2025\\\/08\\\/flux-pro-1.1-955-1755605798.jpg\",\"articleSection\":[\"A la une\"],\"inLanguage\":\"fr-FR\",\"potentialAction\":[{\"@type\":\"CommentAction\",\"name\":\"Comment\",\"target\":[\"https:\\\/\\\/rachat2credit.fr\\\/guide\\\/pourquoi-la-generation-1953-touche-une-retraite-24-plus-elevee-que-celle-nee-en-1930-jai-travaille-moins-dannees-et-je-percois-800-euros-de-plus-par-mois\\\/#respond\"]}]},{\"@type\":\"WebPage\",\"@id\":\"https:\\\/\\\/rachat2credit.fr\\\/guide\\\/pourquoi-la-generation-1953-touche-une-retraite-24-plus-elevee-que-celle-nee-en-1930-jai-travaille-moins-dannees-et-je-percois-800-euros-de-plus-par-mois\\\/\",\"url\":\"https:\\\/\\\/rachat2credit.fr\\\/guide\\\/pourquoi-la-generation-1953-touche-une-retraite-24-plus-elevee-que-celle-nee-en-1930-jai-travaille-moins-dannees-et-je-percois-800-euros-de-plus-par-mois\\\/\",\"name\":\"Pourquoi la g\u00e9n\u00e9ration 1953 touche une retraite 24% plus \u00e9lev\u00e9e que celle n\u00e9e en 1930 \u201cj\u2019ai travaill\u00e9 moins d\u2019ann\u00e9es et je per\u00e7ois 800 euros de plus par mois\u201d - Rachat de Cr\u00e9dit\",\"isPartOf\":{\"@id\":\"https:\\\/\\\/rachat2credit.fr\\\/guide\\\/#website\"},\"primaryImageOfPage\":{\"@id\":\"https:\\\/\\\/rachat2credit.fr\\\/guide\\\/pourquoi-la-generation-1953-touche-une-retraite-24-plus-elevee-que-celle-nee-en-1930-jai-travaille-moins-dannees-et-je-percois-800-euros-de-plus-par-mois\\\/#primaryimage\"},\"image\":{\"@id\":\"https:\\\/\\\/rachat2credit.fr\\\/guide\\\/pourquoi-la-generation-1953-touche-une-retraite-24-plus-elevee-que-celle-nee-en-1930-jai-travaille-moins-dannees-et-je-percois-800-euros-de-plus-par-mois\\\/#primaryimage\"},\"thumbnailUrl\":\"https:\\\/\\\/rachat2credit.fr\\\/guide\\\/wp-content\\\/uploads\\\/2025\\\/08\\\/flux-pro-1.1-955-1755605798.jpg\",\"datePublished\":\"2025-08-19T12:16:28+00:00\",\"breadcrumb\":{\"@id\":\"https:\\\/\\\/rachat2credit.fr\\\/guide\\\/pourquoi-la-generation-1953-touche-une-retraite-24-plus-elevee-que-celle-nee-en-1930-jai-travaille-moins-dannees-et-je-percois-800-euros-de-plus-par-mois\\\/#breadcrumb\"},\"inLanguage\":\"fr-FR\",\"potentialAction\":[{\"@type\":\"ReadAction\",\"target\":[\"https:\\\/\\\/rachat2credit.fr\\\/guide\\\/pourquoi-la-generation-1953-touche-une-retraite-24-plus-elevee-que-celle-nee-en-1930-jai-travaille-moins-dannees-et-je-percois-800-euros-de-plus-par-mois\\\/\"]}]},{\"@type\":\"ImageObject\",\"inLanguage\":\"fr-FR\",\"@id\":\"https:\\\/\\\/rachat2credit.fr\\\/guide\\\/pourquoi-la-generation-1953-touche-une-retraite-24-plus-elevee-que-celle-nee-en-1930-jai-travaille-moins-dannees-et-je-percois-800-euros-de-plus-par-mois\\\/#primaryimage\",\"url\":\"https:\\\/\\\/rachat2credit.fr\\\/guide\\\/wp-content\\\/uploads\\\/2025\\\/08\\\/flux-pro-1.1-955-1755605798.jpg\",\"contentUrl\":\"https:\\\/\\\/rachat2credit.fr\\\/guide\\\/wp-content\\\/uploads\\\/2025\\\/08\\\/flux-pro-1.1-955-1755605798.jpg\",\"width\":1344,\"height\":768},{\"@type\":\"BreadcrumbList\",\"@id\":\"https:\\\/\\\/rachat2credit.fr\\\/guide\\\/pourquoi-la-generation-1953-touche-une-retraite-24-plus-elevee-que-celle-nee-en-1930-jai-travaille-moins-dannees-et-je-percois-800-euros-de-plus-par-mois\\\/#breadcrumb\",\"itemListElement\":[{\"@type\":\"ListItem\",\"position\":1,\"name\":\"Accueil\",\"item\":\"https:\\\/\\\/rachat2credit.fr\\\/guide\\\/\"},{\"@type\":\"ListItem\",\"position\":2,\"name\":\"Pourquoi la g\u00e9n\u00e9ration 1953 touche une retraite 24% plus \u00e9lev\u00e9e que celle n\u00e9e en 1930 \u201cj\u2019ai travaill\u00e9 moins d\u2019ann\u00e9es et je per\u00e7ois 800 euros de plus par mois\u201d\"}]},{\"@type\":\"WebSite\",\"@id\":\"https:\\\/\\\/rachat2credit.fr\\\/guide\\\/#website\",\"url\":\"https:\\\/\\\/rachat2credit.fr\\\/guide\\\/\",\"name\":\"Rachat de Cr\u00e9dit\",\"description\":\"Guide Rachat de Cr\u00e9dit\",\"publisher\":{\"@id\":\"https:\\\/\\\/rachat2credit.fr\\\/guide\\\/#organization\"},\"potentialAction\":[{\"@type\":\"SearchAction\",\"target\":{\"@type\":\"EntryPoint\",\"urlTemplate\":\"https:\\\/\\\/rachat2credit.fr\\\/guide\\\/?s={search_term_string}\"},\"query-input\":{\"@type\":\"PropertyValueSpecification\",\"valueRequired\":true,\"valueName\":\"search_term_string\"}}],\"inLanguage\":\"fr-FR\"},{\"@type\":\"Organization\",\"@id\":\"https:\\\/\\\/rachat2credit.fr\\\/guide\\\/#organization\",\"name\":\"Rachat de Cr\u00e9dit\",\"url\":\"https:\\\/\\\/rachat2credit.fr\\\/guide\\\/\",\"logo\":{\"@type\":\"ImageObject\",\"inLanguage\":\"fr-FR\",\"@id\":\"https:\\\/\\\/rachat2credit.fr\\\/guide\\\/#\\\/schema\\\/logo\\\/image\\\/\",\"url\":\"https:\\\/\\\/rachat2credit.fr\\\/guide\\\/wp-content\\\/uploads\\\/2025\\\/05\\\/rachat2credit.png\",\"contentUrl\":\"https:\\\/\\\/rachat2credit.fr\\\/guide\\\/wp-content\\\/uploads\\\/2025\\\/05\\\/rachat2credit.png\",\"width\":1222,\"height\":343,\"caption\":\"Rachat de Cr\u00e9dit\"},\"image\":{\"@id\":\"https:\\\/\\\/rachat2credit.fr\\\/guide\\\/#\\\/schema\\\/logo\\\/image\\\/\"}},{\"@type\":\"Person\",\"@id\":\"https:\\\/\\\/rachat2credit.fr\\\/guide\\\/#\\\/schema\\\/person\\\/d4142086d07bc6acdc4722eabd955cc2\",\"name\":\"Aurelien Boulanger\",\"image\":{\"@type\":\"ImageObject\",\"inLanguage\":\"fr-FR\",\"@id\":\"https:\\\/\\\/secure.gravatar.com\\\/avatar\\\/32175434c9ca2b27bfeb905d1c3ec782a789caf494bc0ec8fa6ed0ee39c2e62a?s=96&d=mm&r=g\",\"url\":\"https:\\\/\\\/secure.gravatar.com\\\/avatar\\\/32175434c9ca2b27bfeb905d1c3ec782a789caf494bc0ec8fa6ed0ee39c2e62a?s=96&d=mm&r=g\",\"contentUrl\":\"https:\\\/\\\/secure.gravatar.com\\\/avatar\\\/32175434c9ca2b27bfeb905d1c3ec782a789caf494bc0ec8fa6ed0ee39c2e62a?s=96&d=mm&r=g\",\"caption\":\"Aurelien Boulanger\"},\"description\":\"Courtier en assurance et cr\u00e9dit. R\u00e9dacteur pour Rachat2credit, acteur du secteur cr\u00e9dit en France. Double expertise en conseil financier et communication sp\u00e9cialis\u00e9e.\",\"sameAs\":[\"https:\\\/\\\/rachat2credit.fr\\\/guide\"],\"url\":\"https:\\\/\\\/rachat2credit.fr\\\/guide\\\/author\\\/aurelien\\\/\"}]}<\/script>\n<!-- \/ Yoast SEO plugin. -->","yoast_head_json":{"title":"Pourquoi la g\u00e9n\u00e9ration 1953 touche une retraite 24% plus \u00e9lev\u00e9e que celle n\u00e9e en 1930 \u201cj\u2019ai travaill\u00e9 moins d\u2019ann\u00e9es et je per\u00e7ois 800 euros de plus par mois\u201d - Rachat de Cr\u00e9dit","robots":{"index":"index","follow":"follow","max-snippet":"max-snippet:-1","max-image-preview":"max-image-preview:large","max-video-preview":"max-video-preview:-1"},"canonical":"https:\/\/rachat2credit.fr\/guide\/pourquoi-la-generation-1953-touche-une-retraite-24-plus-elevee-que-celle-nee-en-1930-jai-travaille-moins-dannees-et-je-percois-800-euros-de-plus-par-mois\/","og_locale":"fr_FR","og_type":"article","og_title":"Pourquoi la g\u00e9n\u00e9ration 1953 touche une retraite 24% plus \u00e9lev\u00e9e que celle n\u00e9e en 1930 \u201cj\u2019ai travaill\u00e9 moins d\u2019ann\u00e9es et je per\u00e7ois 800 euros de plus par mois\u201d - Rachat de Cr\u00e9dit","og_description":"Dans un contexte de r\u00e9formes des retraites successives et de d\u00e9bats passionn\u00e9s sur le syst\u00e8me par r\u00e9partition, une disparit\u00e9 interg\u00e9n\u00e9rationnelle frappe l\u2019opinion. Les retrait\u00e9s n\u00e9s en 1953 percevraient une pension moyenne pr\u00e8s d\u2019un quart sup\u00e9rieure \u00e0 celle de la g\u00e9n\u00e9ration 1930. Un \u00e9cart qui suscite incompr\u00e9hension et interrogation sur les m\u00e9canismes de calcul des retraites ... Lire plus","og_url":"https:\/\/rachat2credit.fr\/guide\/pourquoi-la-generation-1953-touche-une-retraite-24-plus-elevee-que-celle-nee-en-1930-jai-travaille-moins-dannees-et-je-percois-800-euros-de-plus-par-mois\/","og_site_name":"Rachat de Cr\u00e9dit","article_published_time":"2025-08-19T12:16:28+00:00","og_image":[{"width":1344,"height":768,"url":"https:\/\/rachat2credit.fr\/guide\/wp-content\/uploads\/2025\/08\/flux-pro-1.1-955-1755605798.jpg","type":"image\/jpeg"}],"author":"Aurelien Boulanger","twitter_card":"summary_large_image","twitter_misc":{"\u00c9crit par":"Aurelien Boulanger","Dur\u00e9e de lecture estim\u00e9e":"5 minutes"},"schema":{"@context":"https:\/\/schema.org","@graph":[{"@type":"NewsArticle","@id":"https:\/\/rachat2credit.fr\/guide\/pourquoi-la-generation-1953-touche-une-retraite-24-plus-elevee-que-celle-nee-en-1930-jai-travaille-moins-dannees-et-je-percois-800-euros-de-plus-par-mois\/#article","isPartOf":{"@id":"https:\/\/rachat2credit.fr\/guide\/pourquoi-la-generation-1953-touche-une-retraite-24-plus-elevee-que-celle-nee-en-1930-jai-travaille-moins-dannees-et-je-percois-800-euros-de-plus-par-mois\/"},"author":{"name":"Aurelien Boulanger","@id":"https:\/\/rachat2credit.fr\/guide\/#\/schema\/person\/d4142086d07bc6acdc4722eabd955cc2"},"headline":"Pourquoi la g\u00e9n\u00e9ration 1953 touche une retraite 24% plus \u00e9lev\u00e9e que celle n\u00e9e en 1930 \u201cj\u2019ai travaill\u00e9 moins d\u2019ann\u00e9es et je per\u00e7ois 800 euros de plus par mois\u201d","datePublished":"2025-08-19T12:16:28+00:00","mainEntityOfPage":{"@id":"https:\/\/rachat2credit.fr\/guide\/pourquoi-la-generation-1953-touche-une-retraite-24-plus-elevee-que-celle-nee-en-1930-jai-travaille-moins-dannees-et-je-percois-800-euros-de-plus-par-mois\/"},"wordCount":948,"commentCount":21,"publisher":{"@id":"https:\/\/rachat2credit.fr\/guide\/#organization"},"image":{"@id":"https:\/\/rachat2credit.fr\/guide\/pourquoi-la-generation-1953-touche-une-retraite-24-plus-elevee-que-celle-nee-en-1930-jai-travaille-moins-dannees-et-je-percois-800-euros-de-plus-par-mois\/#primaryimage"},"thumbnailUrl":"https:\/\/rachat2credit.fr\/guide\/wp-content\/uploads\/2025\/08\/flux-pro-1.1-955-1755605798.jpg","articleSection":["A la une"],"inLanguage":"fr-FR","potentialAction":[{"@type":"CommentAction","name":"Comment","target":["https:\/\/rachat2credit.fr\/guide\/pourquoi-la-generation-1953-touche-une-retraite-24-plus-elevee-que-celle-nee-en-1930-jai-travaille-moins-dannees-et-je-percois-800-euros-de-plus-par-mois\/#respond"]}]},{"@type":"WebPage","@id":"https:\/\/rachat2credit.fr\/guide\/pourquoi-la-generation-1953-touche-une-retraite-24-plus-elevee-que-celle-nee-en-1930-jai-travaille-moins-dannees-et-je-percois-800-euros-de-plus-par-mois\/","url":"https:\/\/rachat2credit.fr\/guide\/pourquoi-la-generation-1953-touche-une-retraite-24-plus-elevee-que-celle-nee-en-1930-jai-travaille-moins-dannees-et-je-percois-800-euros-de-plus-par-mois\/","name":"Pourquoi la g\u00e9n\u00e9ration 1953 touche une retraite 24% plus \u00e9lev\u00e9e que celle n\u00e9e en 1930 \u201cj\u2019ai travaill\u00e9 moins d\u2019ann\u00e9es et je per\u00e7ois 800 euros de plus par mois\u201d - Rachat de Cr\u00e9dit","isPartOf":{"@id":"https:\/\/rachat2credit.fr\/guide\/#website"},"primaryImageOfPage":{"@id":"https:\/\/rachat2credit.fr\/guide\/pourquoi-la-generation-1953-touche-une-retraite-24-plus-elevee-que-celle-nee-en-1930-jai-travaille-moins-dannees-et-je-percois-800-euros-de-plus-par-mois\/#primaryimage"},"image":{"@id":"https:\/\/rachat2credit.fr\/guide\/pourquoi-la-generation-1953-touche-une-retraite-24-plus-elevee-que-celle-nee-en-1930-jai-travaille-moins-dannees-et-je-percois-800-euros-de-plus-par-mois\/#primaryimage"},"thumbnailUrl":"https:\/\/rachat2credit.fr\/guide\/wp-content\/uploads\/2025\/08\/flux-pro-1.1-955-1755605798.jpg","datePublished":"2025-08-19T12:16:28+00:00","breadcrumb":{"@id":"https:\/\/rachat2credit.fr\/guide\/pourquoi-la-generation-1953-touche-une-retraite-24-plus-elevee-que-celle-nee-en-1930-jai-travaille-moins-dannees-et-je-percois-800-euros-de-plus-par-mois\/#breadcrumb"},"inLanguage":"fr-FR","potentialAction":[{"@type":"ReadAction","target":["https:\/\/rachat2credit.fr\/guide\/pourquoi-la-generation-1953-touche-une-retraite-24-plus-elevee-que-celle-nee-en-1930-jai-travaille-moins-dannees-et-je-percois-800-euros-de-plus-par-mois\/"]}]},{"@type":"ImageObject","inLanguage":"fr-FR","@id":"https:\/\/rachat2credit.fr\/guide\/pourquoi-la-generation-1953-touche-une-retraite-24-plus-elevee-que-celle-nee-en-1930-jai-travaille-moins-dannees-et-je-percois-800-euros-de-plus-par-mois\/#primaryimage","url":"https:\/\/rachat2credit.fr\/guide\/wp-content\/uploads\/2025\/08\/flux-pro-1.1-955-1755605798.jpg","contentUrl":"https:\/\/rachat2credit.fr\/guide\/wp-content\/uploads\/2025\/08\/flux-pro-1.1-955-1755605798.jpg","width":1344,"height":768},{"@type":"BreadcrumbList","@id":"https:\/\/rachat2credit.fr\/guide\/pourquoi-la-generation-1953-touche-une-retraite-24-plus-elevee-que-celle-nee-en-1930-jai-travaille-moins-dannees-et-je-percois-800-euros-de-plus-par-mois\/#breadcrumb","itemListElement":[{"@type":"ListItem","position":1,"name":"Accueil","item":"https:\/\/rachat2credit.fr\/guide\/"},{"@type":"ListItem","position":2,"name":"Pourquoi la g\u00e9n\u00e9ration 1953 touche une retraite 24% plus \u00e9lev\u00e9e que celle n\u00e9e en 1930 \u201cj\u2019ai travaill\u00e9 moins d\u2019ann\u00e9es et je per\u00e7ois 800 euros de plus par mois\u201d"}]},{"@type":"WebSite","@id":"https:\/\/rachat2credit.fr\/guide\/#website","url":"https:\/\/rachat2credit.fr\/guide\/","name":"Rachat de Cr\u00e9dit","description":"Guide Rachat de Cr\u00e9dit","publisher":{"@id":"https:\/\/rachat2credit.fr\/guide\/#organization"},"potentialAction":[{"@type":"SearchAction","target":{"@type":"EntryPoint","urlTemplate":"https:\/\/rachat2credit.fr\/guide\/?s={search_term_string}"},"query-input":{"@type":"PropertyValueSpecification","valueRequired":true,"valueName":"search_term_string"}}],"inLanguage":"fr-FR"},{"@type":"Organization","@id":"https:\/\/rachat2credit.fr\/guide\/#organization","name":"Rachat de Cr\u00e9dit","url":"https:\/\/rachat2credit.fr\/guide\/","logo":{"@type":"ImageObject","inLanguage":"fr-FR","@id":"https:\/\/rachat2credit.fr\/guide\/#\/schema\/logo\/image\/","url":"https:\/\/rachat2credit.fr\/guide\/wp-content\/uploads\/2025\/05\/rachat2credit.png","contentUrl":"https:\/\/rachat2credit.fr\/guide\/wp-content\/uploads\/2025\/05\/rachat2credit.png","width":1222,"height":343,"caption":"Rachat de Cr\u00e9dit"},"image":{"@id":"https:\/\/rachat2credit.fr\/guide\/#\/schema\/logo\/image\/"}},{"@type":"Person","@id":"https:\/\/rachat2credit.fr\/guide\/#\/schema\/person\/d4142086d07bc6acdc4722eabd955cc2","name":"Aurelien Boulanger","image":{"@type":"ImageObject","inLanguage":"fr-FR","@id":"https:\/\/secure.gravatar.com\/avatar\/32175434c9ca2b27bfeb905d1c3ec782a789caf494bc0ec8fa6ed0ee39c2e62a?s=96&d=mm&r=g","url":"https:\/\/secure.gravatar.com\/avatar\/32175434c9ca2b27bfeb905d1c3ec782a789caf494bc0ec8fa6ed0ee39c2e62a?s=96&d=mm&r=g","contentUrl":"https:\/\/secure.gravatar.com\/avatar\/32175434c9ca2b27bfeb905d1c3ec782a789caf494bc0ec8fa6ed0ee39c2e62a?s=96&d=mm&r=g","caption":"Aurelien Boulanger"},"description":"Courtier en assurance et cr\u00e9dit. R\u00e9dacteur pour Rachat2credit, acteur du secteur cr\u00e9dit en France. Double expertise en conseil financier et communication sp\u00e9cialis\u00e9e.","sameAs":["https:\/\/rachat2credit.fr\/guide"],"url":"https:\/\/rachat2credit.fr\/guide\/author\/aurelien\/"}]}},"_links":{"self":[{"href":"https:\/\/rachat2credit.fr\/guide\/wp-json\/wp\/v2\/posts\/955","targetHints":{"allow":["GET"]}}],"collection":[{"href":"https:\/\/rachat2credit.fr\/guide\/wp-json\/wp\/v2\/posts"}],"about":[{"href":"https:\/\/rachat2credit.fr\/guide\/wp-json\/wp\/v2\/types\/post"}],"author":[{"embeddable":true,"href":"https:\/\/rachat2credit.fr\/guide\/wp-json\/wp\/v2\/users\/1"}],"replies":[{"embeddable":true,"href":"https:\/\/rachat2credit.fr\/guide\/wp-json\/wp\/v2\/comments?post=955"}],"version-history":[{"count":0,"href":"https:\/\/rachat2credit.fr\/guide\/wp-json\/wp\/v2\/posts\/955\/revisions"}],"wp:featuredmedia":[{"embeddable":true,"href":"https:\/\/rachat2credit.fr\/guide\/wp-json\/wp\/v2\/media\/956"}],"wp:attachment":[{"href":"https:\/\/rachat2credit.fr\/guide\/wp-json\/wp\/v2\/media?parent=955"}],"wp:term":[{"taxonomy":"category","embeddable":true,"href":"https:\/\/rachat2credit.fr\/guide\/wp-json\/wp\/v2\/categories?post=955"},{"taxonomy":"post_tag","embeddable":true,"href":"https:\/\/rachat2credit.fr\/guide\/wp-json\/wp\/v2\/tags?post=955"}],"curies":[{"name":"wp","href":"https:\/\/api.w.org\/{rel}","templated":true}]}}