{"id":961,"date":"2025-08-19T18:46:29","date_gmt":"2025-08-19T16:46:29","guid":{"rendered":"https:\/\/rachat2credit.fr\/guide\/les-contribuables-sinquietent-de-la-fin-des-cheques-pour-payer-le-fisc-on-nous-force-a-tout-devoiler\/"},"modified":"2025-08-19T18:46:29","modified_gmt":"2025-08-19T16:46:29","slug":"les-contribuables-sinquietent-de-la-fin-des-cheques-pour-payer-le-fisc-on-nous-force-a-tout-devoiler","status":"publish","type":"post","link":"https:\/\/rachat2credit.fr\/guide\/les-contribuables-sinquietent-de-la-fin-des-cheques-pour-payer-le-fisc-on-nous-force-a-tout-devoiler\/","title":{"rendered":"Les contribuables s\u2019inqui\u00e8tent de la fin des ch\u00e8ques pour payer le fisc \u201con nous force \u00e0 tout d\u00e9voiler\u201d"},"content":{"rendered":"<p>Dans un contexte de modernisation acc\u00e9l\u00e9r\u00e9e des services publics, une r\u00e9flexion pourrait \u00eatre engag\u00e9e sur l&rsquo;acceptation des moyens de paiement traditionnels par l&rsquo;administration fiscale. Le ch\u00e8que, ce vestige papier de nos porte-monnaie, se trouverait-il menac\u00e9 de disparition dans nos relations avec le fisc ?<\/p>\n<p>Cette hypoth\u00e8se, bien que non confirm\u00e9e officiellement, suscite d\u00e9j\u00e0 des remous parmi les contribuables les moins aguerris aux d\u00e9marches d\u00e9mat\u00e9rialis\u00e9es. Elle s&rsquo;inscrirait dans une volont\u00e9 plus large de simplification administrative et de r\u00e9duction des co\u00fbts de gestion.<\/p>\n<div id=\"ez-toc-container\" class=\"ez-toc-v2_0_82_2 counter-hierarchy ez-toc-counter ez-toc-grey ez-toc-container-direction\">\n<p class=\"ez-toc-title\" style=\"cursor:inherit\">Sommaire<\/p>\n<label for=\"ez-toc-cssicon-toggle-item-69f1051a80407\" class=\"ez-toc-cssicon-toggle-label\"><span class=\"ez-toc-cssicon\"><span class=\"eztoc-hide\" style=\"display:none;\">Toggle<\/span><span class=\"ez-toc-icon-toggle-span\"><svg style=\"fill: #999;color:#999\" xmlns=\"http:\/\/www.w3.org\/2000\/svg\" class=\"list-377408\" width=\"20px\" height=\"20px\" viewBox=\"0 0 24 24\" fill=\"none\"><path d=\"M6 6H4v2h2V6zm14 0H8v2h12V6zM4 11h2v2H4v-2zm16 0H8v2h12v-2zM4 16h2v2H4v-2zm16 0H8v2h12v-2z\" fill=\"currentColor\"><\/path><\/svg><svg style=\"fill: #999;color:#999\" class=\"arrow-unsorted-368013\" xmlns=\"http:\/\/www.w3.org\/2000\/svg\" width=\"10px\" height=\"10px\" viewBox=\"0 0 24 24\" version=\"1.2\" baseProfile=\"tiny\"><path d=\"M18.2 9.3l-6.2-6.3-6.2 6.3c-.2.2-.3.4-.3.7s.1.5.3.7c.2.2.4.3.7.3h11c.3 0 .5-.1.7-.3.2-.2.3-.5.3-.7s-.1-.5-.3-.7zM5.8 14.7l6.2 6.3 6.2-6.3c.2-.2.3-.5.3-.7s-.1-.5-.3-.7c-.2-.2-.4-.3-.7-.3h-11c-.3 0-.5.1-.7.3-.2.2-.3.5-.3.7s.1.5.3.7z\"\/><\/svg><\/span><\/span><\/label><input type=\"checkbox\"  id=\"ez-toc-cssicon-toggle-item-69f1051a80407\" checked aria-label=\"Toggle\" \/><nav><ul class='ez-toc-list ez-toc-list-level-1 ' ><li class='ez-toc-page-1 ez-toc-heading-level-2'><a class=\"ez-toc-link ez-toc-heading-1\" href=\"https:\/\/rachat2credit.fr\/guide\/les-contribuables-sinquietent-de-la-fin-des-cheques-pour-payer-le-fisc-on-nous-force-a-tout-devoiler\/#Un_changement_qui_pourrait_bouleverser_les_habitudes\" >Un changement qui pourrait bouleverser les habitudes<\/a><\/li><li class='ez-toc-page-1 ez-toc-heading-level-2'><a class=\"ez-toc-link ez-toc-heading-2\" href=\"https:\/\/rachat2credit.fr\/guide\/les-contribuables-sinquietent-de-la-fin-des-cheques-pour-payer-le-fisc-on-nous-force-a-tout-devoiler\/#Les_raisons_potentielles_derriere_cette_reflexion\" >Les raisons potentielles derri\u00e8re cette r\u00e9flexion<\/a><\/li><li class='ez-toc-page-1 ez-toc-heading-level-2'><a class=\"ez-toc-link ez-toc-heading-3\" href=\"https:\/\/rachat2credit.fr\/guide\/les-contribuables-sinquietent-de-la-fin-des-cheques-pour-payer-le-fisc-on-nous-force-a-tout-devoiler\/#Les_alternatives_qui_soffriraient_aux_contribuables\" >Les alternatives qui s&rsquo;offriraient aux contribuables<\/a><\/li><li class='ez-toc-page-1 ez-toc-heading-level-2'><a class=\"ez-toc-link ez-toc-heading-4\" href=\"https:\/\/rachat2credit.fr\/guide\/les-contribuables-sinquietent-de-la-fin-des-cheques-pour-payer-le-fisc-on-nous-force-a-tout-devoiler\/#Un_precedent_dans_les_administrations\" >Un pr\u00e9c\u00e9dent dans les administrations<\/a><\/li><li class='ez-toc-page-1 ez-toc-heading-level-2'><a class=\"ez-toc-link ez-toc-heading-5\" href=\"https:\/\/rachat2credit.fr\/guide\/les-contribuables-sinquietent-de-la-fin-des-cheques-pour-payer-le-fisc-on-nous-force-a-tout-devoiler\/#Ce_que_cela_changerait_concretement\" >Ce que cela changerait concr\u00e8tement<\/a><\/li><li class='ez-toc-page-1 ez-toc-heading-level-2'><a class=\"ez-toc-link ez-toc-heading-6\" href=\"https:\/\/rachat2credit.fr\/guide\/les-contribuables-sinquietent-de-la-fin-des-cheques-pour-payer-le-fisc-on-nous-force-a-tout-devoiler\/#Une_transition_qui_sinscrirait_dans_le_temps\" >Une transition qui s&rsquo;inscrirait dans le temps<\/a><\/li><\/ul><\/nav><\/div>\n<h2><span class=\"ez-toc-section\" id=\"Un_changement_qui_pourrait_bouleverser_les_habitudes\"><\/span>Un changement qui pourrait bouleverser les habitudes<span class=\"ez-toc-section-end\"><\/span><\/h2>\n<p>Pour certains, cette \u00e9volution repr\u00e9senterait une avanc\u00e9e logique, align\u00e9e sur les pratiques modernes. Pour d&rsquo;autres, notamment les seniors ou les personnes \u00e9loign\u00e9es du num\u00e9rique, elle constituerait un obstacle suppl\u00e9mentaire dans le already complexe parcours administratif.<\/p>\n<blockquote><p>\u00ab\u00a0J&rsquo;ai toujours pay\u00e9 mes imp\u00f4ts par ch\u00e8que, c&rsquo;est simple et cela me permet de garder une trace papier. Si on me l&rsquo;interdit, je ne saurai pas comment faire\u00a0\u00bb, t\u00e9moigne Robert, 78 ans, retrait\u00e9 \u00e0 Tours.<\/p><\/blockquote>\n<p>Ce sentiment d&rsquo;appr\u00e9hension face au tout-num\u00e9rique est partag\u00e9 par de nombreux Fran\u00e7ais. Selon une <a href=\"https:\/\/www.insee.fr\/fr\/statistiques\/7047637\" target=\"_blank\" rel=\"noopener\">\u00e9tude de l&rsquo;INSEE<\/a>, pr\u00e8s de 15% de la population adulte \u00e9prouverait encore des difficult\u00e9s avec les d\u00e9marches en ligne.<\/p>\n<h2><span class=\"ez-toc-section\" id=\"Les_raisons_potentielles_derriere_cette_reflexion\"><\/span>Les raisons potentielles derri\u00e8re cette r\u00e9flexion<span class=\"ez-toc-section-end\"><\/span><\/h2>\n<p>Plusieurs facteurs pourraient motiver cette orientation :<\/p>\n<ul>\n<li>La r\u00e9duction des co\u00fbts de traitement et de gestion des paiements physiques<\/li>\n<li>L&rsquo;acc\u00e9l\u00e9ration des processus de recouvrement et de traitement<\/li>\n<li>La lutte contre la fraude et les impay\u00e9s<\/li>\n<li>L&rsquo;harmonisation avec les standards europ\u00e9ens de d\u00e9mat\u00e9rialisation<\/li>\n<\/ul>\n<p>Un porte-parole du minist\u00e8re de l&rsquo;\u00c9conomie et des Finances aurait confi\u00e9, sous couvert d&rsquo;anonymat, que \u00ab\u00a0le ch\u00e8que repr\u00e9sente un canal de paiement obsol\u00e8te, co\u00fbteux et peu s\u00e9curis\u00e9 compar\u00e9 aux virements instantan\u00e9s ou aux pr\u00e9l\u00e8vements automatiques\u00a0\u00bb.<\/p>\n<h2><span class=\"ez-toc-section\" id=\"Les_alternatives_qui_soffriraient_aux_contribuables\"><\/span>Les alternatives qui s&rsquo;offriraient aux contribuables<span class=\"ez-toc-section-end\"><\/span><\/h2>\n<p>Face \u00e0 cette \u00e9ventuelle suppression, plusieurs solutions de remplacement existeraient :<\/p>\n<blockquote><p>\u00ab\u00a0Je paie d\u00e9j\u00e0 mes imp\u00f4ts par pr\u00e9l\u00e8vement automatique depuis des ann\u00e9es. C&rsquo;est pratique, s\u00e9curis\u00e9 et je n&rsquo;ai jamais eu de probl\u00e8me\u00a0\u00bb, explique Sophie, comptable \u00e0 Lyon.<\/p><\/blockquote>\n<p>Parmi les options qui resteraient disponibles :<\/p>\n<ul>\n<li>Le pr\u00e9l\u00e8vement \u00e0 l&rsquo;\u00e9ch\u00e9ance<\/li>\n<li>Le virement bancaire<\/li>\n<li>Le paiement par carte bancaire en ligne<\/li>\n<li>Le paiement en esp\u00e8ces dans certains centres acceptants<\/li>\n<\/ul>\n<p>La Direction g\u00e9n\u00e9rale des Finances publiques mettrait \u00e0 disposition des tutoriels et une assistance t\u00e9l\u00e9phonique pour accompagner les contribuables dans cette transition num\u00e9rique.<\/p>\n<h2><span class=\"ez-toc-section\" id=\"Un_precedent_dans_les_administrations\"><\/span>Un pr\u00e9c\u00e9dent dans les administrations<span class=\"ez-toc-section-end\"><\/span><\/h2>\n<p>Cette r\u00e9flexion ne serait pas isol\u00e9e. D\u00e9j\u00e0, certaines grandes entreprises et services publics auraient r\u00e9duit, voire supprim\u00e9, l&rsquo;acceptation des ch\u00e8ques. La Poste, par exemple, n&rsquo;accepterait plus les ch\u00e8ques pour certains services, suivant en cela une tendance europ\u00e9enne.<\/p>\n<p>En Su\u00e8de ou en Finlande, le ch\u00e8que aurait pratiquement disparu de la circulation, remplac\u00e9 par des solutions de paiement \u00e9lectroniques instantan\u00e9es.<\/p>\n<h2><span class=\"ez-toc-section\" id=\"Ce_que_cela_changerait_concretement\"><\/span>Ce que cela changerait concr\u00e8tement<span class=\"ez-toc-section-end\"><\/span><\/h2>\n<p>Si cette mesure venait \u00e0 \u00eatre impl\u00e9ment\u00e9e, elle concernerait l&rsquo;ensemble des paiements d&rsquo;imp\u00f4ts, taxes et amendes. Les particuliers comme les professionnels devraient s&rsquo;adapter \u00e0 ces nouvelles modalit\u00e9s.<\/p>\n<p>Pour les plus r\u00e9ticents au num\u00e9rique, des solutions d&rsquo;accompagnement pourraient \u00eatre propos\u00e9es dans les centres des imp\u00f4ts, avec des agents form\u00e9s pour guider les contribuables dans ces d\u00e9marches.<\/p>\n<h2><span class=\"ez-toc-section\" id=\"Une_transition_qui_sinscrirait_dans_le_temps\"><\/span>Une transition qui s&rsquo;inscrirait dans le temps<span class=\"ez-toc-section-end\"><\/span><\/h2>\n<p>Selon nos informations, aucune suppression brutale ne serait envisag\u00e9e. Une p\u00e9riode de transition de plusieurs mois, voire ann\u00e9es, permettrait aux usagers de s&rsquo;adapter progressivement \u00e0 ces nouvelles modalit\u00e9s de paiement.<\/p>\n<p>Des exceptions pourraient \u00eatre pr\u00e9vues pour certaines cat\u00e9gories de population, comme les personnes \u00e2g\u00e9es ou celles ne disposant pas d&rsquo;acc\u00e8s \u00e0 internet.<\/p>\n<p>Cette r\u00e9flexion s&rsquo;inscrirait dans la continuit\u00e9 des actions men\u00e9es par le gouvernement pour moderniser l&rsquo;administration fiscale, \u00e0 l&rsquo;image du <a href=\"https:\/\/www.impots.gouv.fr\/portail\/\" target=\"_blank\" rel=\"noopener\">site impots.gouv.fr<\/a> qui permet d\u00e9j\u00e0 de effectuer la plupart des d\u00e9marches en ligne.<\/p>\n<p>Alors que la d\u00e9mat\u00e9rialisation gagne du terrain dans tous les aspects de notre vie administrative, la possible disparition du ch\u00e8que chez le percepteur marquerait une \u00e9tape suppl\u00e9mentaire vers une soci\u00e9t\u00e9 sans cash. Une \u00e9volution qui, si elle devait se concr\u00e9tiser, n\u00e9cessiterait un accompagnement solide pour ne laisser personne au bord de la route num\u00e9rique.<\/p>\n\n\n<div class=\"kk-star-ratings kksr-auto kksr-align-center kksr-valign-bottom\"\n    data-payload='{&quot;align&quot;:&quot;center&quot;,&quot;id&quot;:&quot;961&quot;,&quot;slug&quot;:&quot;default&quot;,&quot;valign&quot;:&quot;bottom&quot;,&quot;ignore&quot;:&quot;&quot;,&quot;reference&quot;:&quot;auto&quot;,&quot;class&quot;:&quot;&quot;,&quot;count&quot;:&quot;0&quot;,&quot;legendonly&quot;:&quot;&quot;,&quot;readonly&quot;:&quot;&quot;,&quot;score&quot;:&quot;0&quot;,&quot;starsonly&quot;:&quot;&quot;,&quot;best&quot;:&quot;5&quot;,&quot;gap&quot;:&quot;5&quot;,&quot;greet&quot;:&quot;&quot;,&quot;legend&quot;:&quot;0\\\/5 - (0 vote)&quot;,&quot;size&quot;:&quot;24&quot;,&quot;title&quot;:&quot;Les contribuables s\u2019inqui\u00e8tent de la fin des ch\u00e8ques pour payer le fisc \u201con nous force \u00e0 tout d\u00e9voiler\u201d&quot;,&quot;width&quot;:&quot;0&quot;,&quot;_legend&quot;:&quot;{score}\\\/{best} - ({count} {votes})&quot;,&quot;font_factor&quot;:&quot;1.25&quot;}'>\n            \n<div class=\"kksr-stars\">\n    \n<div class=\"kksr-stars-inactive\">\n            <div class=\"kksr-star\" data-star=\"1\" style=\"padding-right: 5px\">\n            \n\n<div class=\"kksr-icon\" style=\"width: 24px; height: 24px;\"><\/div>\n        <\/div>\n            <div class=\"kksr-star\" data-star=\"2\" style=\"padding-right: 5px\">\n            \n\n<div class=\"kksr-icon\" style=\"width: 24px; height: 24px;\"><\/div>\n        <\/div>\n            <div class=\"kksr-star\" data-star=\"3\" style=\"padding-right: 5px\">\n            \n\n<div class=\"kksr-icon\" style=\"width: 24px; height: 24px;\"><\/div>\n        <\/div>\n            <div class=\"kksr-star\" data-star=\"4\" style=\"padding-right: 5px\">\n            \n\n<div class=\"kksr-icon\" style=\"width: 24px; height: 24px;\"><\/div>\n        <\/div>\n            <div class=\"kksr-star\" data-star=\"5\" style=\"padding-right: 5px\">\n            \n\n<div class=\"kksr-icon\" style=\"width: 24px; height: 24px;\"><\/div>\n        <\/div>\n    <\/div>\n    \n<div class=\"kksr-stars-active\" style=\"width: 0px;\">\n            <div class=\"kksr-star\" style=\"padding-right: 5px\">\n            \n\n<div class=\"kksr-icon\" style=\"width: 24px; height: 24px;\"><\/div>\n        <\/div>\n            <div class=\"kksr-star\" style=\"padding-right: 5px\">\n            \n\n<div class=\"kksr-icon\" style=\"width: 24px; height: 24px;\"><\/div>\n        <\/div>\n            <div class=\"kksr-star\" style=\"padding-right: 5px\">\n            \n\n<div class=\"kksr-icon\" style=\"width: 24px; height: 24px;\"><\/div>\n        <\/div>\n            <div class=\"kksr-star\" style=\"padding-right: 5px\">\n            \n\n<div class=\"kksr-icon\" style=\"width: 24px; height: 24px;\"><\/div>\n        <\/div>\n            <div class=\"kksr-star\" style=\"padding-right: 5px\">\n            \n\n<div class=\"kksr-icon\" style=\"width: 24px; height: 24px;\"><\/div>\n        <\/div>\n    <\/div>\n<\/div>\n                \n\n<div class=\"kksr-legend\" style=\"font-size: 19.2px;\">\n            <span class=\"kksr-muted\"><\/span>\n    <\/div>\n    <\/div>\n","protected":false},"excerpt":{"rendered":"<p>Dans un contexte de modernisation acc\u00e9l\u00e9r\u00e9e des services publics, une r\u00e9flexion pourrait \u00eatre engag\u00e9e sur l&rsquo;acceptation des moyens de paiement traditionnels par l&rsquo;administration fiscale. Le ch\u00e8que, ce vestige papier de nos porte-monnaie, se trouverait-il menac\u00e9 de disparition dans nos relations avec le fisc ? Cette hypoth\u00e8se, bien que non confirm\u00e9e officiellement, suscite d\u00e9j\u00e0 des remous &#8230; <a title=\"Les contribuables s\u2019inqui\u00e8tent de la fin des ch\u00e8ques pour payer le fisc \u201con nous force \u00e0 tout d\u00e9voiler\u201d\" class=\"read-more\" href=\"https:\/\/rachat2credit.fr\/guide\/les-contribuables-sinquietent-de-la-fin-des-cheques-pour-payer-le-fisc-on-nous-force-a-tout-devoiler\/\" aria-label=\"En savoir plus sur Les contribuables s\u2019inqui\u00e8tent de la fin des ch\u00e8ques pour payer le fisc \u201con nous force \u00e0 tout d\u00e9voiler\u201d\">Lire plus<\/a><\/p>\n","protected":false},"author":1,"featured_media":962,"comment_status":"open","ping_status":"open","sticky":false,"template":"","format":"standard","meta":{"footnotes":""},"categories":[8],"tags":[],"class_list":["post-961","post","type-post","status-publish","format-standard","has-post-thumbnail","hentry","category-a-la-une"],"yoast_head":"<!-- This site is optimized with the Yoast SEO plugin v27.5 - https:\/\/yoast.com\/product\/yoast-seo-wordpress\/ -->\n<title>Les contribuables s\u2019inqui\u00e8tent de la fin des ch\u00e8ques pour payer le fisc \u201con nous force \u00e0 tout d\u00e9voiler\u201d - Rachat de Cr\u00e9dit<\/title>\n<meta name=\"robots\" content=\"index, follow, max-snippet:-1, max-image-preview:large, max-video-preview:-1\" \/>\n<link rel=\"canonical\" href=\"https:\/\/rachat2credit.fr\/guide\/les-contribuables-sinquietent-de-la-fin-des-cheques-pour-payer-le-fisc-on-nous-force-a-tout-devoiler\/\" \/>\n<meta property=\"og:locale\" content=\"fr_FR\" \/>\n<meta property=\"og:type\" content=\"article\" \/>\n<meta property=\"og:title\" content=\"Les contribuables s\u2019inqui\u00e8tent de la fin des ch\u00e8ques pour payer le fisc \u201con nous force \u00e0 tout d\u00e9voiler\u201d - Rachat de Cr\u00e9dit\" \/>\n<meta property=\"og:description\" content=\"Dans un contexte de modernisation acc\u00e9l\u00e9r\u00e9e des services publics, une r\u00e9flexion pourrait \u00eatre engag\u00e9e sur l&rsquo;acceptation des moyens de paiement traditionnels par l&rsquo;administration fiscale. Le ch\u00e8que, ce vestige papier de nos porte-monnaie, se trouverait-il menac\u00e9 de disparition dans nos relations avec le fisc ? Cette hypoth\u00e8se, bien que non confirm\u00e9e officiellement, suscite d\u00e9j\u00e0 des remous ... Lire plus\" \/>\n<meta property=\"og:url\" content=\"https:\/\/rachat2credit.fr\/guide\/les-contribuables-sinquietent-de-la-fin-des-cheques-pour-payer-le-fisc-on-nous-force-a-tout-devoiler\/\" \/>\n<meta property=\"og:site_name\" content=\"Rachat de Cr\u00e9dit\" \/>\n<meta property=\"article:published_time\" content=\"2025-08-19T16:46:29+00:00\" \/>\n<meta property=\"og:image\" content=\"https:\/\/rachat2credit.fr\/guide\/wp-content\/uploads\/2025\/08\/flux-pro-1.1-961-1755621999.jpg\" \/>\n\t<meta property=\"og:image:width\" content=\"1344\" \/>\n\t<meta property=\"og:image:height\" content=\"768\" \/>\n\t<meta property=\"og:image:type\" content=\"image\/jpeg\" \/>\n<meta name=\"author\" content=\"Aurelien Boulanger\" \/>\n<meta name=\"twitter:card\" content=\"summary_large_image\" \/>\n<meta name=\"twitter:label1\" content=\"\u00c9crit par\" \/>\n\t<meta name=\"twitter:data1\" content=\"Aurelien Boulanger\" \/>\n\t<meta name=\"twitter:label2\" content=\"Dur\u00e9e de lecture estim\u00e9e\" \/>\n\t<meta name=\"twitter:data2\" content=\"4 minutes\" \/>\n<script type=\"application\/ld+json\" class=\"yoast-schema-graph\">{\"@context\":\"https:\\\/\\\/schema.org\",\"@graph\":[{\"@type\":\"NewsArticle\",\"@id\":\"https:\\\/\\\/rachat2credit.fr\\\/guide\\\/les-contribuables-sinquietent-de-la-fin-des-cheques-pour-payer-le-fisc-on-nous-force-a-tout-devoiler\\\/#article\",\"isPartOf\":{\"@id\":\"https:\\\/\\\/rachat2credit.fr\\\/guide\\\/les-contribuables-sinquietent-de-la-fin-des-cheques-pour-payer-le-fisc-on-nous-force-a-tout-devoiler\\\/\"},\"author\":{\"name\":\"Aurelien Boulanger\",\"@id\":\"https:\\\/\\\/rachat2credit.fr\\\/guide\\\/#\\\/schema\\\/person\\\/d4142086d07bc6acdc4722eabd955cc2\"},\"headline\":\"Les contribuables s\u2019inqui\u00e8tent de la fin des ch\u00e8ques pour payer le fisc \u201con nous force \u00e0 tout d\u00e9voiler\u201d\",\"datePublished\":\"2025-08-19T16:46:29+00:00\",\"mainEntityOfPage\":{\"@id\":\"https:\\\/\\\/rachat2credit.fr\\\/guide\\\/les-contribuables-sinquietent-de-la-fin-des-cheques-pour-payer-le-fisc-on-nous-force-a-tout-devoiler\\\/\"},\"wordCount\":781,\"commentCount\":24,\"publisher\":{\"@id\":\"https:\\\/\\\/rachat2credit.fr\\\/guide\\\/#organization\"},\"image\":{\"@id\":\"https:\\\/\\\/rachat2credit.fr\\\/guide\\\/les-contribuables-sinquietent-de-la-fin-des-cheques-pour-payer-le-fisc-on-nous-force-a-tout-devoiler\\\/#primaryimage\"},\"thumbnailUrl\":\"https:\\\/\\\/rachat2credit.fr\\\/guide\\\/wp-content\\\/uploads\\\/2025\\\/08\\\/flux-pro-1.1-961-1755621999.jpg\",\"articleSection\":[\"A la une\"],\"inLanguage\":\"fr-FR\",\"potentialAction\":[{\"@type\":\"CommentAction\",\"name\":\"Comment\",\"target\":[\"https:\\\/\\\/rachat2credit.fr\\\/guide\\\/les-contribuables-sinquietent-de-la-fin-des-cheques-pour-payer-le-fisc-on-nous-force-a-tout-devoiler\\\/#respond\"]}]},{\"@type\":\"WebPage\",\"@id\":\"https:\\\/\\\/rachat2credit.fr\\\/guide\\\/les-contribuables-sinquietent-de-la-fin-des-cheques-pour-payer-le-fisc-on-nous-force-a-tout-devoiler\\\/\",\"url\":\"https:\\\/\\\/rachat2credit.fr\\\/guide\\\/les-contribuables-sinquietent-de-la-fin-des-cheques-pour-payer-le-fisc-on-nous-force-a-tout-devoiler\\\/\",\"name\":\"Les contribuables s\u2019inqui\u00e8tent de la fin des ch\u00e8ques pour payer le fisc \u201con nous force \u00e0 tout d\u00e9voiler\u201d - Rachat de Cr\u00e9dit\",\"isPartOf\":{\"@id\":\"https:\\\/\\\/rachat2credit.fr\\\/guide\\\/#website\"},\"primaryImageOfPage\":{\"@id\":\"https:\\\/\\\/rachat2credit.fr\\\/guide\\\/les-contribuables-sinquietent-de-la-fin-des-cheques-pour-payer-le-fisc-on-nous-force-a-tout-devoiler\\\/#primaryimage\"},\"image\":{\"@id\":\"https:\\\/\\\/rachat2credit.fr\\\/guide\\\/les-contribuables-sinquietent-de-la-fin-des-cheques-pour-payer-le-fisc-on-nous-force-a-tout-devoiler\\\/#primaryimage\"},\"thumbnailUrl\":\"https:\\\/\\\/rachat2credit.fr\\\/guide\\\/wp-content\\\/uploads\\\/2025\\\/08\\\/flux-pro-1.1-961-1755621999.jpg\",\"datePublished\":\"2025-08-19T16:46:29+00:00\",\"breadcrumb\":{\"@id\":\"https:\\\/\\\/rachat2credit.fr\\\/guide\\\/les-contribuables-sinquietent-de-la-fin-des-cheques-pour-payer-le-fisc-on-nous-force-a-tout-devoiler\\\/#breadcrumb\"},\"inLanguage\":\"fr-FR\",\"potentialAction\":[{\"@type\":\"ReadAction\",\"target\":[\"https:\\\/\\\/rachat2credit.fr\\\/guide\\\/les-contribuables-sinquietent-de-la-fin-des-cheques-pour-payer-le-fisc-on-nous-force-a-tout-devoiler\\\/\"]}]},{\"@type\":\"ImageObject\",\"inLanguage\":\"fr-FR\",\"@id\":\"https:\\\/\\\/rachat2credit.fr\\\/guide\\\/les-contribuables-sinquietent-de-la-fin-des-cheques-pour-payer-le-fisc-on-nous-force-a-tout-devoiler\\\/#primaryimage\",\"url\":\"https:\\\/\\\/rachat2credit.fr\\\/guide\\\/wp-content\\\/uploads\\\/2025\\\/08\\\/flux-pro-1.1-961-1755621999.jpg\",\"contentUrl\":\"https:\\\/\\\/rachat2credit.fr\\\/guide\\\/wp-content\\\/uploads\\\/2025\\\/08\\\/flux-pro-1.1-961-1755621999.jpg\",\"width\":1344,\"height\":768},{\"@type\":\"BreadcrumbList\",\"@id\":\"https:\\\/\\\/rachat2credit.fr\\\/guide\\\/les-contribuables-sinquietent-de-la-fin-des-cheques-pour-payer-le-fisc-on-nous-force-a-tout-devoiler\\\/#breadcrumb\",\"itemListElement\":[{\"@type\":\"ListItem\",\"position\":1,\"name\":\"Accueil\",\"item\":\"https:\\\/\\\/rachat2credit.fr\\\/guide\\\/\"},{\"@type\":\"ListItem\",\"position\":2,\"name\":\"Les contribuables s\u2019inqui\u00e8tent de la fin des ch\u00e8ques pour payer le fisc \u201con nous force \u00e0 tout d\u00e9voiler\u201d\"}]},{\"@type\":\"WebSite\",\"@id\":\"https:\\\/\\\/rachat2credit.fr\\\/guide\\\/#website\",\"url\":\"https:\\\/\\\/rachat2credit.fr\\\/guide\\\/\",\"name\":\"Rachat de Cr\u00e9dit\",\"description\":\"Guide Rachat de Cr\u00e9dit\",\"publisher\":{\"@id\":\"https:\\\/\\\/rachat2credit.fr\\\/guide\\\/#organization\"},\"potentialAction\":[{\"@type\":\"SearchAction\",\"target\":{\"@type\":\"EntryPoint\",\"urlTemplate\":\"https:\\\/\\\/rachat2credit.fr\\\/guide\\\/?s={search_term_string}\"},\"query-input\":{\"@type\":\"PropertyValueSpecification\",\"valueRequired\":true,\"valueName\":\"search_term_string\"}}],\"inLanguage\":\"fr-FR\"},{\"@type\":\"Organization\",\"@id\":\"https:\\\/\\\/rachat2credit.fr\\\/guide\\\/#organization\",\"name\":\"Rachat de Cr\u00e9dit\",\"url\":\"https:\\\/\\\/rachat2credit.fr\\\/guide\\\/\",\"logo\":{\"@type\":\"ImageObject\",\"inLanguage\":\"fr-FR\",\"@id\":\"https:\\\/\\\/rachat2credit.fr\\\/guide\\\/#\\\/schema\\\/logo\\\/image\\\/\",\"url\":\"https:\\\/\\\/rachat2credit.fr\\\/guide\\\/wp-content\\\/uploads\\\/2025\\\/05\\\/rachat2credit.png\",\"contentUrl\":\"https:\\\/\\\/rachat2credit.fr\\\/guide\\\/wp-content\\\/uploads\\\/2025\\\/05\\\/rachat2credit.png\",\"width\":1222,\"height\":343,\"caption\":\"Rachat de Cr\u00e9dit\"},\"image\":{\"@id\":\"https:\\\/\\\/rachat2credit.fr\\\/guide\\\/#\\\/schema\\\/logo\\\/image\\\/\"}},{\"@type\":\"Person\",\"@id\":\"https:\\\/\\\/rachat2credit.fr\\\/guide\\\/#\\\/schema\\\/person\\\/d4142086d07bc6acdc4722eabd955cc2\",\"name\":\"Aurelien Boulanger\",\"image\":{\"@type\":\"ImageObject\",\"inLanguage\":\"fr-FR\",\"@id\":\"https:\\\/\\\/secure.gravatar.com\\\/avatar\\\/32175434c9ca2b27bfeb905d1c3ec782a789caf494bc0ec8fa6ed0ee39c2e62a?s=96&d=mm&r=g\",\"url\":\"https:\\\/\\\/secure.gravatar.com\\\/avatar\\\/32175434c9ca2b27bfeb905d1c3ec782a789caf494bc0ec8fa6ed0ee39c2e62a?s=96&d=mm&r=g\",\"contentUrl\":\"https:\\\/\\\/secure.gravatar.com\\\/avatar\\\/32175434c9ca2b27bfeb905d1c3ec782a789caf494bc0ec8fa6ed0ee39c2e62a?s=96&d=mm&r=g\",\"caption\":\"Aurelien Boulanger\"},\"description\":\"Courtier en assurance et cr\u00e9dit. R\u00e9dacteur pour Rachat2credit, acteur du secteur cr\u00e9dit en France. Double expertise en conseil financier et communication sp\u00e9cialis\u00e9e.\",\"sameAs\":[\"https:\\\/\\\/rachat2credit.fr\\\/guide\"],\"url\":\"https:\\\/\\\/rachat2credit.fr\\\/guide\\\/author\\\/aurelien\\\/\"}]}<\/script>\n<!-- \/ Yoast SEO plugin. -->","yoast_head_json":{"title":"Les contribuables s\u2019inqui\u00e8tent de la fin des ch\u00e8ques pour payer le fisc \u201con nous force \u00e0 tout d\u00e9voiler\u201d - Rachat de Cr\u00e9dit","robots":{"index":"index","follow":"follow","max-snippet":"max-snippet:-1","max-image-preview":"max-image-preview:large","max-video-preview":"max-video-preview:-1"},"canonical":"https:\/\/rachat2credit.fr\/guide\/les-contribuables-sinquietent-de-la-fin-des-cheques-pour-payer-le-fisc-on-nous-force-a-tout-devoiler\/","og_locale":"fr_FR","og_type":"article","og_title":"Les contribuables s\u2019inqui\u00e8tent de la fin des ch\u00e8ques pour payer le fisc \u201con nous force \u00e0 tout d\u00e9voiler\u201d - Rachat de Cr\u00e9dit","og_description":"Dans un contexte de modernisation acc\u00e9l\u00e9r\u00e9e des services publics, une r\u00e9flexion pourrait \u00eatre engag\u00e9e sur l&rsquo;acceptation des moyens de paiement traditionnels par l&rsquo;administration fiscale. Le ch\u00e8que, ce vestige papier de nos porte-monnaie, se trouverait-il menac\u00e9 de disparition dans nos relations avec le fisc ? Cette hypoth\u00e8se, bien que non confirm\u00e9e officiellement, suscite d\u00e9j\u00e0 des remous ... Lire plus","og_url":"https:\/\/rachat2credit.fr\/guide\/les-contribuables-sinquietent-de-la-fin-des-cheques-pour-payer-le-fisc-on-nous-force-a-tout-devoiler\/","og_site_name":"Rachat de Cr\u00e9dit","article_published_time":"2025-08-19T16:46:29+00:00","og_image":[{"width":1344,"height":768,"url":"https:\/\/rachat2credit.fr\/guide\/wp-content\/uploads\/2025\/08\/flux-pro-1.1-961-1755621999.jpg","type":"image\/jpeg"}],"author":"Aurelien Boulanger","twitter_card":"summary_large_image","twitter_misc":{"\u00c9crit par":"Aurelien Boulanger","Dur\u00e9e de lecture estim\u00e9e":"4 minutes"},"schema":{"@context":"https:\/\/schema.org","@graph":[{"@type":"NewsArticle","@id":"https:\/\/rachat2credit.fr\/guide\/les-contribuables-sinquietent-de-la-fin-des-cheques-pour-payer-le-fisc-on-nous-force-a-tout-devoiler\/#article","isPartOf":{"@id":"https:\/\/rachat2credit.fr\/guide\/les-contribuables-sinquietent-de-la-fin-des-cheques-pour-payer-le-fisc-on-nous-force-a-tout-devoiler\/"},"author":{"name":"Aurelien Boulanger","@id":"https:\/\/rachat2credit.fr\/guide\/#\/schema\/person\/d4142086d07bc6acdc4722eabd955cc2"},"headline":"Les contribuables s\u2019inqui\u00e8tent de la fin des ch\u00e8ques pour payer le fisc \u201con nous force \u00e0 tout d\u00e9voiler\u201d","datePublished":"2025-08-19T16:46:29+00:00","mainEntityOfPage":{"@id":"https:\/\/rachat2credit.fr\/guide\/les-contribuables-sinquietent-de-la-fin-des-cheques-pour-payer-le-fisc-on-nous-force-a-tout-devoiler\/"},"wordCount":781,"commentCount":24,"publisher":{"@id":"https:\/\/rachat2credit.fr\/guide\/#organization"},"image":{"@id":"https:\/\/rachat2credit.fr\/guide\/les-contribuables-sinquietent-de-la-fin-des-cheques-pour-payer-le-fisc-on-nous-force-a-tout-devoiler\/#primaryimage"},"thumbnailUrl":"https:\/\/rachat2credit.fr\/guide\/wp-content\/uploads\/2025\/08\/flux-pro-1.1-961-1755621999.jpg","articleSection":["A la une"],"inLanguage":"fr-FR","potentialAction":[{"@type":"CommentAction","name":"Comment","target":["https:\/\/rachat2credit.fr\/guide\/les-contribuables-sinquietent-de-la-fin-des-cheques-pour-payer-le-fisc-on-nous-force-a-tout-devoiler\/#respond"]}]},{"@type":"WebPage","@id":"https:\/\/rachat2credit.fr\/guide\/les-contribuables-sinquietent-de-la-fin-des-cheques-pour-payer-le-fisc-on-nous-force-a-tout-devoiler\/","url":"https:\/\/rachat2credit.fr\/guide\/les-contribuables-sinquietent-de-la-fin-des-cheques-pour-payer-le-fisc-on-nous-force-a-tout-devoiler\/","name":"Les contribuables s\u2019inqui\u00e8tent de la fin des ch\u00e8ques pour payer le fisc \u201con nous force \u00e0 tout d\u00e9voiler\u201d - Rachat de Cr\u00e9dit","isPartOf":{"@id":"https:\/\/rachat2credit.fr\/guide\/#website"},"primaryImageOfPage":{"@id":"https:\/\/rachat2credit.fr\/guide\/les-contribuables-sinquietent-de-la-fin-des-cheques-pour-payer-le-fisc-on-nous-force-a-tout-devoiler\/#primaryimage"},"image":{"@id":"https:\/\/rachat2credit.fr\/guide\/les-contribuables-sinquietent-de-la-fin-des-cheques-pour-payer-le-fisc-on-nous-force-a-tout-devoiler\/#primaryimage"},"thumbnailUrl":"https:\/\/rachat2credit.fr\/guide\/wp-content\/uploads\/2025\/08\/flux-pro-1.1-961-1755621999.jpg","datePublished":"2025-08-19T16:46:29+00:00","breadcrumb":{"@id":"https:\/\/rachat2credit.fr\/guide\/les-contribuables-sinquietent-de-la-fin-des-cheques-pour-payer-le-fisc-on-nous-force-a-tout-devoiler\/#breadcrumb"},"inLanguage":"fr-FR","potentialAction":[{"@type":"ReadAction","target":["https:\/\/rachat2credit.fr\/guide\/les-contribuables-sinquietent-de-la-fin-des-cheques-pour-payer-le-fisc-on-nous-force-a-tout-devoiler\/"]}]},{"@type":"ImageObject","inLanguage":"fr-FR","@id":"https:\/\/rachat2credit.fr\/guide\/les-contribuables-sinquietent-de-la-fin-des-cheques-pour-payer-le-fisc-on-nous-force-a-tout-devoiler\/#primaryimage","url":"https:\/\/rachat2credit.fr\/guide\/wp-content\/uploads\/2025\/08\/flux-pro-1.1-961-1755621999.jpg","contentUrl":"https:\/\/rachat2credit.fr\/guide\/wp-content\/uploads\/2025\/08\/flux-pro-1.1-961-1755621999.jpg","width":1344,"height":768},{"@type":"BreadcrumbList","@id":"https:\/\/rachat2credit.fr\/guide\/les-contribuables-sinquietent-de-la-fin-des-cheques-pour-payer-le-fisc-on-nous-force-a-tout-devoiler\/#breadcrumb","itemListElement":[{"@type":"ListItem","position":1,"name":"Accueil","item":"https:\/\/rachat2credit.fr\/guide\/"},{"@type":"ListItem","position":2,"name":"Les contribuables s\u2019inqui\u00e8tent de la fin des ch\u00e8ques pour payer le fisc \u201con nous force \u00e0 tout d\u00e9voiler\u201d"}]},{"@type":"WebSite","@id":"https:\/\/rachat2credit.fr\/guide\/#website","url":"https:\/\/rachat2credit.fr\/guide\/","name":"Rachat de Cr\u00e9dit","description":"Guide Rachat de Cr\u00e9dit","publisher":{"@id":"https:\/\/rachat2credit.fr\/guide\/#organization"},"potentialAction":[{"@type":"SearchAction","target":{"@type":"EntryPoint","urlTemplate":"https:\/\/rachat2credit.fr\/guide\/?s={search_term_string}"},"query-input":{"@type":"PropertyValueSpecification","valueRequired":true,"valueName":"search_term_string"}}],"inLanguage":"fr-FR"},{"@type":"Organization","@id":"https:\/\/rachat2credit.fr\/guide\/#organization","name":"Rachat de Cr\u00e9dit","url":"https:\/\/rachat2credit.fr\/guide\/","logo":{"@type":"ImageObject","inLanguage":"fr-FR","@id":"https:\/\/rachat2credit.fr\/guide\/#\/schema\/logo\/image\/","url":"https:\/\/rachat2credit.fr\/guide\/wp-content\/uploads\/2025\/05\/rachat2credit.png","contentUrl":"https:\/\/rachat2credit.fr\/guide\/wp-content\/uploads\/2025\/05\/rachat2credit.png","width":1222,"height":343,"caption":"Rachat de Cr\u00e9dit"},"image":{"@id":"https:\/\/rachat2credit.fr\/guide\/#\/schema\/logo\/image\/"}},{"@type":"Person","@id":"https:\/\/rachat2credit.fr\/guide\/#\/schema\/person\/d4142086d07bc6acdc4722eabd955cc2","name":"Aurelien Boulanger","image":{"@type":"ImageObject","inLanguage":"fr-FR","@id":"https:\/\/secure.gravatar.com\/avatar\/32175434c9ca2b27bfeb905d1c3ec782a789caf494bc0ec8fa6ed0ee39c2e62a?s=96&d=mm&r=g","url":"https:\/\/secure.gravatar.com\/avatar\/32175434c9ca2b27bfeb905d1c3ec782a789caf494bc0ec8fa6ed0ee39c2e62a?s=96&d=mm&r=g","contentUrl":"https:\/\/secure.gravatar.com\/avatar\/32175434c9ca2b27bfeb905d1c3ec782a789caf494bc0ec8fa6ed0ee39c2e62a?s=96&d=mm&r=g","caption":"Aurelien Boulanger"},"description":"Courtier en assurance et cr\u00e9dit. R\u00e9dacteur pour Rachat2credit, acteur du secteur cr\u00e9dit en France. Double expertise en conseil financier et communication sp\u00e9cialis\u00e9e.","sameAs":["https:\/\/rachat2credit.fr\/guide"],"url":"https:\/\/rachat2credit.fr\/guide\/author\/aurelien\/"}]}},"_links":{"self":[{"href":"https:\/\/rachat2credit.fr\/guide\/wp-json\/wp\/v2\/posts\/961","targetHints":{"allow":["GET"]}}],"collection":[{"href":"https:\/\/rachat2credit.fr\/guide\/wp-json\/wp\/v2\/posts"}],"about":[{"href":"https:\/\/rachat2credit.fr\/guide\/wp-json\/wp\/v2\/types\/post"}],"author":[{"embeddable":true,"href":"https:\/\/rachat2credit.fr\/guide\/wp-json\/wp\/v2\/users\/1"}],"replies":[{"embeddable":true,"href":"https:\/\/rachat2credit.fr\/guide\/wp-json\/wp\/v2\/comments?post=961"}],"version-history":[{"count":0,"href":"https:\/\/rachat2credit.fr\/guide\/wp-json\/wp\/v2\/posts\/961\/revisions"}],"wp:featuredmedia":[{"embeddable":true,"href":"https:\/\/rachat2credit.fr\/guide\/wp-json\/wp\/v2\/media\/962"}],"wp:attachment":[{"href":"https:\/\/rachat2credit.fr\/guide\/wp-json\/wp\/v2\/media?parent=961"}],"wp:term":[{"taxonomy":"category","embeddable":true,"href":"https:\/\/rachat2credit.fr\/guide\/wp-json\/wp\/v2\/categories?post=961"},{"taxonomy":"post_tag","embeddable":true,"href":"https:\/\/rachat2credit.fr\/guide\/wp-json\/wp\/v2\/tags?post=961"}],"curies":[{"name":"wp","href":"https:\/\/api.w.org\/{rel}","templated":true}]}}