{"id":963,"date":"2025-08-20T06:46:05","date_gmt":"2025-08-20T04:46:05","guid":{"rendered":"https:\/\/rachat2credit.fr\/guide\/projet-de-loi-anti-fraude-sociale-denonce-comme-un-discours-anti-pauvres-on-nous-criminalise-pour-notre-precarite\/"},"modified":"2025-08-20T06:46:05","modified_gmt":"2025-08-20T04:46:05","slug":"projet-de-loi-anti-fraude-sociale-denonce-comme-un-discours-anti-pauvres-on-nous-criminalise-pour-notre-precarite","status":"publish","type":"post","link":"https:\/\/rachat2credit.fr\/guide\/projet-de-loi-anti-fraude-sociale-denonce-comme-un-discours-anti-pauvres-on-nous-criminalise-pour-notre-precarite\/","title":{"rendered":"Projet de loi anti-fraude sociale d\u00e9nonc\u00e9 comme un discours anti-pauvres \u201con nous criminalise pour notre pr\u00e9carit\u00e9\u201d"},"content":{"rendered":"<p>Le projet de loi anti-fraude sociale, pr\u00e9sent\u00e9 comme un outil de protection des deniers publics, serait-il en r\u00e9alit\u00e9 un vecteur de stigmatisation des plus pr\u00e9caires ? C&rsquo;est en tout cas ce que d\u00e9noncent plusieurs associations et experts, pointant du doigt un discours qu&rsquo;ils jugent profond\u00e9ment in\u00e9galitaire.<\/p>\n<div id=\"ez-toc-container\" class=\"ez-toc-v2_0_82_2 counter-hierarchy ez-toc-counter ez-toc-grey ez-toc-container-direction\">\n<p class=\"ez-toc-title\" style=\"cursor:inherit\">Sommaire<\/p>\n<label for=\"ez-toc-cssicon-toggle-item-69f11af7182ff\" class=\"ez-toc-cssicon-toggle-label\"><span class=\"ez-toc-cssicon\"><span class=\"eztoc-hide\" style=\"display:none;\">Toggle<\/span><span class=\"ez-toc-icon-toggle-span\"><svg style=\"fill: #999;color:#999\" xmlns=\"http:\/\/www.w3.org\/2000\/svg\" class=\"list-377408\" width=\"20px\" height=\"20px\" viewBox=\"0 0 24 24\" fill=\"none\"><path d=\"M6 6H4v2h2V6zm14 0H8v2h12V6zM4 11h2v2H4v-2zm16 0H8v2h12v-2zM4 16h2v2H4v-2zm16 0H8v2h12v-2z\" fill=\"currentColor\"><\/path><\/svg><svg style=\"fill: #999;color:#999\" class=\"arrow-unsorted-368013\" xmlns=\"http:\/\/www.w3.org\/2000\/svg\" width=\"10px\" height=\"10px\" viewBox=\"0 0 24 24\" version=\"1.2\" baseProfile=\"tiny\"><path d=\"M18.2 9.3l-6.2-6.3-6.2 6.3c-.2.2-.3.4-.3.7s.1.5.3.7c.2.2.4.3.7.3h11c.3 0 .5-.1.7-.3.2-.2.3-.5.3-.7s-.1-.5-.3-.7zM5.8 14.7l6.2 6.3 6.2-6.3c.2-.2.3-.5.3-.7s-.1-.5-.3-.7c-.2-.2-.4-.3-.7-.3h-11c-.3 0-.5.1-.7.3-.2.2-.3.5-.3.7s.1.5.3.7z\"\/><\/svg><\/span><\/span><\/label><input type=\"checkbox\"  id=\"ez-toc-cssicon-toggle-item-69f11af7182ff\" checked aria-label=\"Toggle\" \/><nav><ul class='ez-toc-list ez-toc-list-level-1 ' ><li class='ez-toc-page-1 ez-toc-heading-level-3'><a class=\"ez-toc-link ez-toc-heading-1\" href=\"https:\/\/rachat2credit.fr\/guide\/projet-de-loi-anti-fraude-sociale-denonce-comme-un-discours-anti-pauvres-on-nous-criminalise-pour-notre-precarite\/#Un_climat_de_suspicion_generalisee\" >Un climat de suspicion g\u00e9n\u00e9ralis\u00e9e<\/a><\/li><li class='ez-toc-page-1 ez-toc-heading-level-3'><a class=\"ez-toc-link ez-toc-heading-2\" href=\"https:\/\/rachat2credit.fr\/guide\/projet-de-loi-anti-fraude-sociale-denonce-comme-un-discours-anti-pauvres-on-nous-criminalise-pour-notre-precarite\/#%C2%AB_On_nous_traite_comme_des_delinquants_potentiels_%C2%BB\" >\u00ab On nous traite comme des d\u00e9linquants potentiels \u00bb<\/a><\/li><li class='ez-toc-page-1 ez-toc-heading-level-3'><a class=\"ez-toc-link ez-toc-heading-3\" href=\"https:\/\/rachat2credit.fr\/guide\/projet-de-loi-anti-fraude-sociale-denonce-comme-un-discours-anti-pauvres-on-nous-criminalise-pour-notre-precarite\/#Un_arsenal_repressif_disproportionne\" >Un arsenal r\u00e9pressif disproportionn\u00e9<\/a><\/li><li class='ez-toc-page-1 ez-toc-heading-level-3'><a class=\"ez-toc-link ez-toc-heading-4\" href=\"https:\/\/rachat2credit.fr\/guide\/projet-de-loi-anti-fraude-sociale-denonce-comme-un-discours-anti-pauvres-on-nous-criminalise-pour-notre-precarite\/#Le_vrai_visage_de_la_fraude_sociale\" >Le vrai visage de la fraude sociale<\/a><\/li><li class='ez-toc-page-1 ez-toc-heading-level-3'><a class=\"ez-toc-link ez-toc-heading-5\" href=\"https:\/\/rachat2credit.fr\/guide\/projet-de-loi-anti-fraude-sociale-denonce-comme-un-discours-anti-pauvres-on-nous-criminalise-pour-notre-precarite\/#Des_consequences_humaines_potentiellement_desastreuses\" >Des cons\u00e9quences humaines potentiellement d\u00e9sastreuses<\/a><\/li><li class='ez-toc-page-1 ez-toc-heading-level-3'><a class=\"ez-toc-link ez-toc-heading-6\" href=\"https:\/\/rachat2credit.fr\/guide\/projet-de-loi-anti-fraude-sociale-denonce-comme-un-discours-anti-pauvres-on-nous-criminalise-pour-notre-precarite\/#Une_solidarite_nationale_en_peril\" >Une solidarit\u00e9 nationale en p\u00e9ril ?<\/a><\/li><\/ul><\/nav><\/div>\n<h3><span class=\"ez-toc-section\" id=\"Un_climat_de_suspicion_generalisee\"><\/span>Un climat de suspicion g\u00e9n\u00e9ralis\u00e9e<span class=\"ez-toc-section-end\"><\/span><\/h3>\n<p>Le gouvernement justifierait cette offensive l\u00e9gislative par la n\u00e9cessit\u00e9 de lutter contre les \u00ab fraudes organis\u00e9es \u00bb et les \u00ab abus \u00bb qui porteraient pr\u00e9judice \u00e0 la solidarit\u00e9 nationale. Selon les chiffres avanc\u00e9s par le minist\u00e8re, ces pratiques co\u00fbteraient plusieurs milliards d&rsquo;euros chaque ann\u00e9e \u00e0 la collectivit\u00e9. Pourtant, une analyse plus fine des dispositifs envisag\u00e9s r\u00e9v\u00e8lerait une cible privil\u00e9gi\u00e9e : les b\u00e9n\u00e9ficiaires des aides sociales, d\u00e9j\u00e0 souvent en situation de grande vuln\u00e9rabilit\u00e9.<\/p>\n<h3><span class=\"ez-toc-section\" id=\"%C2%AB_On_nous_traite_comme_des_delinquants_potentiels_%C2%BB\"><\/span>\u00ab On nous traite comme des d\u00e9linquants potentiels \u00bb<span class=\"ez-toc-section-end\"><\/span><\/h3>\n<p>Le t\u00e9moignage de Karine, m\u00e8re c\u00e9libataire au ch\u00f4mage de longue dur\u00e9e, est \u00e9difiant. \u00ab Depuis l&rsquo;annonce de ce projet, j&rsquo;ai l&rsquo;impression d&rsquo;\u00eatre surveill\u00e9e en permanence. La CAF m&rsquo;a demand\u00e9 pour la troisi\u00e8me fois en six mois de justifier ma situation maritale et mon adresse. Mon voisin, lui, qui est artisan et travaille au black depuis des ann\u00e9es, personne ne vient le contr\u00f4ler. C&rsquo;est un vrai deux poids, deux mesures. \u00bb<\/p>\n<p>Son sentiment est partag\u00e9 par de nombreux allocataires qui d\u00e9crivent une administration de plus en plus m\u00e9fiante, multipliant les contr\u00f4les a priori sur des bases souvent jug\u00e9es arbitraires.<\/p>\n<h3><span class=\"ez-toc-section\" id=\"Un_arsenal_repressif_disproportionne\"><\/span>Un arsenal r\u00e9pressif disproportionn\u00e9<span class=\"ez-toc-section-end\"><\/span><\/h3>\n<p>Le texte pr\u00e9voirait un \u00e9ventail de mesures controvers\u00e9es. Parmi elles, un renforcement significatif des p\u00e9nalit\u00e9s financi\u00e8res, pouvant aller jusqu&rsquo;\u00e0 la suspension imm\u00e9diate des versements en cas de simple doute, et non plus de preuve av\u00e9r\u00e9e de fraude. L&rsquo;utilisation d&rsquo;algorithmes pour \u00ab pr\u00e9dire \u00bb les risques de fraude \u00e0 partir de donn\u00e9es de consommation ou de d\u00e9placements serait \u00e9galement envisag\u00e9e, soulevant de graves questions \u00e9thiques sur le respect de la vie priv\u00e9e.<\/p>\n<p>Un rapport parlementaire ind\u00e9pendant mettrait en garde contre les \u00ab d\u00e9rives liberticides \u00bb d&rsquo;un tel syst\u00e8me, susceptible de g\u00e9n\u00e9rer un nombre consid\u00e9rable de \u00ab faux positifs \u00bb et de plonger des familles enti\u00e8res dans des situations dramatiques sans recours effectif.<\/p>\n<h3><span class=\"ez-toc-section\" id=\"Le_vrai_visage_de_la_fraude_sociale\"><\/span>Le vrai visage de la fraude sociale<span class=\"ez-toc-section-end\"><\/span><\/h3>\n<p>Les critiques les plus vives pointent un angle mort colossal du projet de loi : la fraude aux cotisations sociales et la fraude fiscale, dont le montant serait sans commune mesure avec celle li\u00e9e aux minimas sociaux. Selon les estimations de la <a href=\"https:\/\/www.impots.gouv.fr\/portail\/statistiques\" target=\"_blank\" rel=\"noopener\">Direction g\u00e9n\u00e9rale des Finances publiques<\/a>, l&rsquo;\u00e9vasion fiscale des grandes entreprises et des particuliers fortun\u00e9s repr\u00e9senterait une perte de recettes bien sup\u00e9rieure pour l&rsquo;\u00c9tat.<\/p>\n<p>\u00ab C&rsquo;est un choix politique, analyse un \u00e9conomiste sp\u00e9cialiste des questions sociales sous couvert d&rsquo;anonymat. On criminalise la pauvret\u00e9 pour d\u00e9tourner l&rsquo;attention des vrais trous dans la raquette et justifier une r\u00e9duction du p\u00e9rim\u00e8tre de la protection sociale. \u00bb<\/p>\n<h3><span class=\"ez-toc-section\" id=\"Des_consequences_humaines_potentiellement_desastreuses\"><\/span>Des cons\u00e9quences humaines potentiellement d\u00e9sastreuses<span class=\"ez-toc-section-end\"><\/span><\/h3>\n<p>Au-del\u00e0 des chiffres, ce sont des vies qui pourraient \u00eatre boulevers\u00e9es. Les travailleurs sociaux sur le terrain s&rsquo;alarm\u00e8rent des effets d\u00e9j\u00e0 visibles de ce durcissement du discours. \u00ab La peur du contr\u00f4le dissuade des personnes en situation de grande pr\u00e9carit\u00e9 de faire valoir leurs droits, constate une assistante sociale en milieu rural. Elles renoncent \u00e0 des aides auxquelles elles pourraient pr\u00e9tendre de plein droit, par crainte de se tromper dans les d\u00e9marches et d&rsquo;\u00eatre sanctionn\u00e9es. On assiste \u00e0 un renoncement aux soins, \u00e0 une aggravation de la pr\u00e9carit\u00e9 \u00e9nerg\u00e9tique. \u00bb<\/p>\n<h3><span class=\"ez-toc-section\" id=\"Une_solidarite_nationale_en_peril\"><\/span>Une solidarit\u00e9 nationale en p\u00e9ril ?<span class=\"ez-toc-section-end\"><\/span><\/h3>\n<p>In fine, ce projet de loi poserait une question fondamentale : quelle soci\u00e9t\u00e9 voulons-nous ? Celle o\u00f9 la solidarit\u00e9 est conditionn\u00e9e \u00e0 une suspicion permanente, o\u00f9 l&rsquo;on dresse les citoyens les uns contre les autres ? Ou celle qui assume de prot\u00e9ger ses membres les plus fragiles, tout en luttant avec \u00e9quit\u00e9 et proportionnalit\u00e9 contre toutes les formes de fraude, qu&rsquo;elles viennent d&rsquo;en haut ou d&rsquo;en bas ?<\/p>\n<p>Le d\u00e9bat, loin d&rsquo;\u00eatre seulement technique, toucherait \u00e0 l&rsquo;\u00e2me m\u00eame de notre contrat social. Alors que le texte doit prochainement \u00eatre discut\u00e9 au Parlement, la mobilisation des associations et des syndicats ne faiblit pas, appelant \u00e0 un texte plus \u00e9quilibr\u00e9 qui ne sacrifie pas les droits fondamentaux sur l&rsquo;autel d&rsquo;une chasse aux sorci\u00e8res politiquement rentable.<\/p>\n\n\n<div class=\"kk-star-ratings kksr-auto kksr-align-center kksr-valign-bottom\"\n    data-payload='{&quot;align&quot;:&quot;center&quot;,&quot;id&quot;:&quot;963&quot;,&quot;slug&quot;:&quot;default&quot;,&quot;valign&quot;:&quot;bottom&quot;,&quot;ignore&quot;:&quot;&quot;,&quot;reference&quot;:&quot;auto&quot;,&quot;class&quot;:&quot;&quot;,&quot;count&quot;:&quot;0&quot;,&quot;legendonly&quot;:&quot;&quot;,&quot;readonly&quot;:&quot;&quot;,&quot;score&quot;:&quot;0&quot;,&quot;starsonly&quot;:&quot;&quot;,&quot;best&quot;:&quot;5&quot;,&quot;gap&quot;:&quot;5&quot;,&quot;greet&quot;:&quot;&quot;,&quot;legend&quot;:&quot;0\\\/5 - (0 vote)&quot;,&quot;size&quot;:&quot;24&quot;,&quot;title&quot;:&quot;Projet de loi anti-fraude sociale d\u00e9nonc\u00e9 comme un discours anti-pauvres \u201con nous criminalise pour notre pr\u00e9carit\u00e9\u201d&quot;,&quot;width&quot;:&quot;0&quot;,&quot;_legend&quot;:&quot;{score}\\\/{best} - ({count} {votes})&quot;,&quot;font_factor&quot;:&quot;1.25&quot;}'>\n            \n<div class=\"kksr-stars\">\n    \n<div class=\"kksr-stars-inactive\">\n            <div class=\"kksr-star\" data-star=\"1\" style=\"padding-right: 5px\">\n            \n\n<div class=\"kksr-icon\" style=\"width: 24px; height: 24px;\"><\/div>\n        <\/div>\n            <div class=\"kksr-star\" data-star=\"2\" style=\"padding-right: 5px\">\n            \n\n<div class=\"kksr-icon\" style=\"width: 24px; height: 24px;\"><\/div>\n        <\/div>\n            <div class=\"kksr-star\" data-star=\"3\" style=\"padding-right: 5px\">\n            \n\n<div class=\"kksr-icon\" style=\"width: 24px; height: 24px;\"><\/div>\n        <\/div>\n            <div class=\"kksr-star\" data-star=\"4\" style=\"padding-right: 5px\">\n            \n\n<div class=\"kksr-icon\" style=\"width: 24px; height: 24px;\"><\/div>\n        <\/div>\n            <div class=\"kksr-star\" data-star=\"5\" style=\"padding-right: 5px\">\n            \n\n<div class=\"kksr-icon\" style=\"width: 24px; height: 24px;\"><\/div>\n        <\/div>\n    <\/div>\n    \n<div class=\"kksr-stars-active\" style=\"width: 0px;\">\n            <div class=\"kksr-star\" style=\"padding-right: 5px\">\n            \n\n<div class=\"kksr-icon\" style=\"width: 24px; height: 24px;\"><\/div>\n        <\/div>\n            <div class=\"kksr-star\" style=\"padding-right: 5px\">\n            \n\n<div class=\"kksr-icon\" style=\"width: 24px; height: 24px;\"><\/div>\n        <\/div>\n            <div class=\"kksr-star\" style=\"padding-right: 5px\">\n            \n\n<div class=\"kksr-icon\" style=\"width: 24px; height: 24px;\"><\/div>\n        <\/div>\n            <div class=\"kksr-star\" style=\"padding-right: 5px\">\n            \n\n<div class=\"kksr-icon\" style=\"width: 24px; height: 24px;\"><\/div>\n        <\/div>\n            <div class=\"kksr-star\" style=\"padding-right: 5px\">\n            \n\n<div class=\"kksr-icon\" style=\"width: 24px; height: 24px;\"><\/div>\n        <\/div>\n    <\/div>\n<\/div>\n                \n\n<div class=\"kksr-legend\" style=\"font-size: 19.2px;\">\n            <span class=\"kksr-muted\"><\/span>\n    <\/div>\n    <\/div>\n","protected":false},"excerpt":{"rendered":"<p>Le projet de loi anti-fraude sociale, pr\u00e9sent\u00e9 comme un outil de protection des deniers publics, serait-il en r\u00e9alit\u00e9 un vecteur de stigmatisation des plus pr\u00e9caires ? C&rsquo;est en tout cas ce que d\u00e9noncent plusieurs associations et experts, pointant du doigt un discours qu&rsquo;ils jugent profond\u00e9ment in\u00e9galitaire. Un climat de suspicion g\u00e9n\u00e9ralis\u00e9e Le gouvernement justifierait cette &#8230; <a title=\"Projet de loi anti-fraude sociale d\u00e9nonc\u00e9 comme un discours anti-pauvres \u201con nous criminalise pour notre pr\u00e9carit\u00e9\u201d\" class=\"read-more\" href=\"https:\/\/rachat2credit.fr\/guide\/projet-de-loi-anti-fraude-sociale-denonce-comme-un-discours-anti-pauvres-on-nous-criminalise-pour-notre-precarite\/\" aria-label=\"En savoir plus sur Projet de loi anti-fraude sociale d\u00e9nonc\u00e9 comme un discours anti-pauvres \u201con nous criminalise pour notre pr\u00e9carit\u00e9\u201d\">Lire plus<\/a><\/p>\n","protected":false},"author":1,"featured_media":964,"comment_status":"open","ping_status":"open","sticky":false,"template":"","format":"standard","meta":{"footnotes":""},"categories":[8],"tags":[],"class_list":["post-963","post","type-post","status-publish","format-standard","has-post-thumbnail","hentry","category-a-la-une"],"yoast_head":"<!-- This site is optimized with the Yoast SEO plugin v27.5 - https:\/\/yoast.com\/product\/yoast-seo-wordpress\/ -->\n<title>Projet de loi anti-fraude sociale d\u00e9nonc\u00e9 comme un discours anti-pauvres \u201con nous criminalise pour notre pr\u00e9carit\u00e9\u201d - Rachat de Cr\u00e9dit<\/title>\n<meta name=\"robots\" content=\"index, follow, max-snippet:-1, max-image-preview:large, max-video-preview:-1\" \/>\n<link rel=\"canonical\" href=\"https:\/\/rachat2credit.fr\/guide\/projet-de-loi-anti-fraude-sociale-denonce-comme-un-discours-anti-pauvres-on-nous-criminalise-pour-notre-precarite\/\" \/>\n<meta property=\"og:locale\" content=\"fr_FR\" \/>\n<meta property=\"og:type\" content=\"article\" \/>\n<meta property=\"og:title\" content=\"Projet de loi anti-fraude sociale d\u00e9nonc\u00e9 comme un discours anti-pauvres \u201con nous criminalise pour notre pr\u00e9carit\u00e9\u201d - Rachat de Cr\u00e9dit\" \/>\n<meta property=\"og:description\" content=\"Le projet de loi anti-fraude sociale, pr\u00e9sent\u00e9 comme un outil de protection des deniers publics, serait-il en r\u00e9alit\u00e9 un vecteur de stigmatisation des plus pr\u00e9caires ? C&rsquo;est en tout cas ce que d\u00e9noncent plusieurs associations et experts, pointant du doigt un discours qu&rsquo;ils jugent profond\u00e9ment in\u00e9galitaire. Un climat de suspicion g\u00e9n\u00e9ralis\u00e9e Le gouvernement justifierait cette ... Lire plus\" \/>\n<meta property=\"og:url\" content=\"https:\/\/rachat2credit.fr\/guide\/projet-de-loi-anti-fraude-sociale-denonce-comme-un-discours-anti-pauvres-on-nous-criminalise-pour-notre-precarite\/\" \/>\n<meta property=\"og:site_name\" content=\"Rachat de Cr\u00e9dit\" \/>\n<meta property=\"article:published_time\" content=\"2025-08-20T04:46:05+00:00\" \/>\n<meta property=\"og:image\" content=\"https:\/\/rachat2credit.fr\/guide\/wp-content\/uploads\/2025\/08\/flux-pro-1.1-963-1755665176.jpg\" \/>\n\t<meta property=\"og:image:width\" content=\"1344\" \/>\n\t<meta property=\"og:image:height\" content=\"768\" \/>\n\t<meta property=\"og:image:type\" content=\"image\/jpeg\" \/>\n<meta name=\"author\" content=\"Aurelien Boulanger\" \/>\n<meta name=\"twitter:card\" content=\"summary_large_image\" \/>\n<meta name=\"twitter:label1\" content=\"\u00c9crit par\" \/>\n\t<meta name=\"twitter:data1\" content=\"Aurelien Boulanger\" \/>\n\t<meta name=\"twitter:label2\" content=\"Dur\u00e9e de lecture estim\u00e9e\" \/>\n\t<meta name=\"twitter:data2\" content=\"4 minutes\" \/>\n<script type=\"application\/ld+json\" class=\"yoast-schema-graph\">{\"@context\":\"https:\\\/\\\/schema.org\",\"@graph\":[{\"@type\":\"NewsArticle\",\"@id\":\"https:\\\/\\\/rachat2credit.fr\\\/guide\\\/projet-de-loi-anti-fraude-sociale-denonce-comme-un-discours-anti-pauvres-on-nous-criminalise-pour-notre-precarite\\\/#article\",\"isPartOf\":{\"@id\":\"https:\\\/\\\/rachat2credit.fr\\\/guide\\\/projet-de-loi-anti-fraude-sociale-denonce-comme-un-discours-anti-pauvres-on-nous-criminalise-pour-notre-precarite\\\/\"},\"author\":{\"name\":\"Aurelien Boulanger\",\"@id\":\"https:\\\/\\\/rachat2credit.fr\\\/guide\\\/#\\\/schema\\\/person\\\/d4142086d07bc6acdc4722eabd955cc2\"},\"headline\":\"Projet de loi anti-fraude sociale d\u00e9nonc\u00e9 comme un discours anti-pauvres \u201con nous criminalise pour notre pr\u00e9carit\u00e9\u201d\",\"datePublished\":\"2025-08-20T04:46:05+00:00\",\"mainEntityOfPage\":{\"@id\":\"https:\\\/\\\/rachat2credit.fr\\\/guide\\\/projet-de-loi-anti-fraude-sociale-denonce-comme-un-discours-anti-pauvres-on-nous-criminalise-pour-notre-precarite\\\/\"},\"wordCount\":781,\"commentCount\":23,\"publisher\":{\"@id\":\"https:\\\/\\\/rachat2credit.fr\\\/guide\\\/#organization\"},\"image\":{\"@id\":\"https:\\\/\\\/rachat2credit.fr\\\/guide\\\/projet-de-loi-anti-fraude-sociale-denonce-comme-un-discours-anti-pauvres-on-nous-criminalise-pour-notre-precarite\\\/#primaryimage\"},\"thumbnailUrl\":\"https:\\\/\\\/rachat2credit.fr\\\/guide\\\/wp-content\\\/uploads\\\/2025\\\/08\\\/flux-pro-1.1-963-1755665176.jpg\",\"articleSection\":[\"A la une\"],\"inLanguage\":\"fr-FR\",\"potentialAction\":[{\"@type\":\"CommentAction\",\"name\":\"Comment\",\"target\":[\"https:\\\/\\\/rachat2credit.fr\\\/guide\\\/projet-de-loi-anti-fraude-sociale-denonce-comme-un-discours-anti-pauvres-on-nous-criminalise-pour-notre-precarite\\\/#respond\"]}]},{\"@type\":\"WebPage\",\"@id\":\"https:\\\/\\\/rachat2credit.fr\\\/guide\\\/projet-de-loi-anti-fraude-sociale-denonce-comme-un-discours-anti-pauvres-on-nous-criminalise-pour-notre-precarite\\\/\",\"url\":\"https:\\\/\\\/rachat2credit.fr\\\/guide\\\/projet-de-loi-anti-fraude-sociale-denonce-comme-un-discours-anti-pauvres-on-nous-criminalise-pour-notre-precarite\\\/\",\"name\":\"Projet de loi anti-fraude sociale d\u00e9nonc\u00e9 comme un discours anti-pauvres \u201con nous criminalise pour notre pr\u00e9carit\u00e9\u201d - Rachat de Cr\u00e9dit\",\"isPartOf\":{\"@id\":\"https:\\\/\\\/rachat2credit.fr\\\/guide\\\/#website\"},\"primaryImageOfPage\":{\"@id\":\"https:\\\/\\\/rachat2credit.fr\\\/guide\\\/projet-de-loi-anti-fraude-sociale-denonce-comme-un-discours-anti-pauvres-on-nous-criminalise-pour-notre-precarite\\\/#primaryimage\"},\"image\":{\"@id\":\"https:\\\/\\\/rachat2credit.fr\\\/guide\\\/projet-de-loi-anti-fraude-sociale-denonce-comme-un-discours-anti-pauvres-on-nous-criminalise-pour-notre-precarite\\\/#primaryimage\"},\"thumbnailUrl\":\"https:\\\/\\\/rachat2credit.fr\\\/guide\\\/wp-content\\\/uploads\\\/2025\\\/08\\\/flux-pro-1.1-963-1755665176.jpg\",\"datePublished\":\"2025-08-20T04:46:05+00:00\",\"breadcrumb\":{\"@id\":\"https:\\\/\\\/rachat2credit.fr\\\/guide\\\/projet-de-loi-anti-fraude-sociale-denonce-comme-un-discours-anti-pauvres-on-nous-criminalise-pour-notre-precarite\\\/#breadcrumb\"},\"inLanguage\":\"fr-FR\",\"potentialAction\":[{\"@type\":\"ReadAction\",\"target\":[\"https:\\\/\\\/rachat2credit.fr\\\/guide\\\/projet-de-loi-anti-fraude-sociale-denonce-comme-un-discours-anti-pauvres-on-nous-criminalise-pour-notre-precarite\\\/\"]}]},{\"@type\":\"ImageObject\",\"inLanguage\":\"fr-FR\",\"@id\":\"https:\\\/\\\/rachat2credit.fr\\\/guide\\\/projet-de-loi-anti-fraude-sociale-denonce-comme-un-discours-anti-pauvres-on-nous-criminalise-pour-notre-precarite\\\/#primaryimage\",\"url\":\"https:\\\/\\\/rachat2credit.fr\\\/guide\\\/wp-content\\\/uploads\\\/2025\\\/08\\\/flux-pro-1.1-963-1755665176.jpg\",\"contentUrl\":\"https:\\\/\\\/rachat2credit.fr\\\/guide\\\/wp-content\\\/uploads\\\/2025\\\/08\\\/flux-pro-1.1-963-1755665176.jpg\",\"width\":1344,\"height\":768},{\"@type\":\"BreadcrumbList\",\"@id\":\"https:\\\/\\\/rachat2credit.fr\\\/guide\\\/projet-de-loi-anti-fraude-sociale-denonce-comme-un-discours-anti-pauvres-on-nous-criminalise-pour-notre-precarite\\\/#breadcrumb\",\"itemListElement\":[{\"@type\":\"ListItem\",\"position\":1,\"name\":\"Accueil\",\"item\":\"https:\\\/\\\/rachat2credit.fr\\\/guide\\\/\"},{\"@type\":\"ListItem\",\"position\":2,\"name\":\"Projet de loi anti-fraude sociale d\u00e9nonc\u00e9 comme un discours anti-pauvres \u201con nous criminalise pour notre pr\u00e9carit\u00e9\u201d\"}]},{\"@type\":\"WebSite\",\"@id\":\"https:\\\/\\\/rachat2credit.fr\\\/guide\\\/#website\",\"url\":\"https:\\\/\\\/rachat2credit.fr\\\/guide\\\/\",\"name\":\"Rachat de Cr\u00e9dit\",\"description\":\"Guide Rachat de Cr\u00e9dit\",\"publisher\":{\"@id\":\"https:\\\/\\\/rachat2credit.fr\\\/guide\\\/#organization\"},\"potentialAction\":[{\"@type\":\"SearchAction\",\"target\":{\"@type\":\"EntryPoint\",\"urlTemplate\":\"https:\\\/\\\/rachat2credit.fr\\\/guide\\\/?s={search_term_string}\"},\"query-input\":{\"@type\":\"PropertyValueSpecification\",\"valueRequired\":true,\"valueName\":\"search_term_string\"}}],\"inLanguage\":\"fr-FR\"},{\"@type\":\"Organization\",\"@id\":\"https:\\\/\\\/rachat2credit.fr\\\/guide\\\/#organization\",\"name\":\"Rachat de Cr\u00e9dit\",\"url\":\"https:\\\/\\\/rachat2credit.fr\\\/guide\\\/\",\"logo\":{\"@type\":\"ImageObject\",\"inLanguage\":\"fr-FR\",\"@id\":\"https:\\\/\\\/rachat2credit.fr\\\/guide\\\/#\\\/schema\\\/logo\\\/image\\\/\",\"url\":\"https:\\\/\\\/rachat2credit.fr\\\/guide\\\/wp-content\\\/uploads\\\/2025\\\/05\\\/rachat2credit.png\",\"contentUrl\":\"https:\\\/\\\/rachat2credit.fr\\\/guide\\\/wp-content\\\/uploads\\\/2025\\\/05\\\/rachat2credit.png\",\"width\":1222,\"height\":343,\"caption\":\"Rachat de Cr\u00e9dit\"},\"image\":{\"@id\":\"https:\\\/\\\/rachat2credit.fr\\\/guide\\\/#\\\/schema\\\/logo\\\/image\\\/\"}},{\"@type\":\"Person\",\"@id\":\"https:\\\/\\\/rachat2credit.fr\\\/guide\\\/#\\\/schema\\\/person\\\/d4142086d07bc6acdc4722eabd955cc2\",\"name\":\"Aurelien Boulanger\",\"image\":{\"@type\":\"ImageObject\",\"inLanguage\":\"fr-FR\",\"@id\":\"https:\\\/\\\/secure.gravatar.com\\\/avatar\\\/32175434c9ca2b27bfeb905d1c3ec782a789caf494bc0ec8fa6ed0ee39c2e62a?s=96&d=mm&r=g\",\"url\":\"https:\\\/\\\/secure.gravatar.com\\\/avatar\\\/32175434c9ca2b27bfeb905d1c3ec782a789caf494bc0ec8fa6ed0ee39c2e62a?s=96&d=mm&r=g\",\"contentUrl\":\"https:\\\/\\\/secure.gravatar.com\\\/avatar\\\/32175434c9ca2b27bfeb905d1c3ec782a789caf494bc0ec8fa6ed0ee39c2e62a?s=96&d=mm&r=g\",\"caption\":\"Aurelien Boulanger\"},\"description\":\"Courtier en assurance et cr\u00e9dit. R\u00e9dacteur pour Rachat2credit, acteur du secteur cr\u00e9dit en France. Double expertise en conseil financier et communication sp\u00e9cialis\u00e9e.\",\"sameAs\":[\"https:\\\/\\\/rachat2credit.fr\\\/guide\"],\"url\":\"https:\\\/\\\/rachat2credit.fr\\\/guide\\\/author\\\/aurelien\\\/\"}]}<\/script>\n<!-- \/ Yoast SEO plugin. -->","yoast_head_json":{"title":"Projet de loi anti-fraude sociale d\u00e9nonc\u00e9 comme un discours anti-pauvres \u201con nous criminalise pour notre pr\u00e9carit\u00e9\u201d - Rachat de Cr\u00e9dit","robots":{"index":"index","follow":"follow","max-snippet":"max-snippet:-1","max-image-preview":"max-image-preview:large","max-video-preview":"max-video-preview:-1"},"canonical":"https:\/\/rachat2credit.fr\/guide\/projet-de-loi-anti-fraude-sociale-denonce-comme-un-discours-anti-pauvres-on-nous-criminalise-pour-notre-precarite\/","og_locale":"fr_FR","og_type":"article","og_title":"Projet de loi anti-fraude sociale d\u00e9nonc\u00e9 comme un discours anti-pauvres \u201con nous criminalise pour notre pr\u00e9carit\u00e9\u201d - Rachat de Cr\u00e9dit","og_description":"Le projet de loi anti-fraude sociale, pr\u00e9sent\u00e9 comme un outil de protection des deniers publics, serait-il en r\u00e9alit\u00e9 un vecteur de stigmatisation des plus pr\u00e9caires ? C&rsquo;est en tout cas ce que d\u00e9noncent plusieurs associations et experts, pointant du doigt un discours qu&rsquo;ils jugent profond\u00e9ment in\u00e9galitaire. Un climat de suspicion g\u00e9n\u00e9ralis\u00e9e Le gouvernement justifierait cette ... Lire plus","og_url":"https:\/\/rachat2credit.fr\/guide\/projet-de-loi-anti-fraude-sociale-denonce-comme-un-discours-anti-pauvres-on-nous-criminalise-pour-notre-precarite\/","og_site_name":"Rachat de Cr\u00e9dit","article_published_time":"2025-08-20T04:46:05+00:00","og_image":[{"width":1344,"height":768,"url":"https:\/\/rachat2credit.fr\/guide\/wp-content\/uploads\/2025\/08\/flux-pro-1.1-963-1755665176.jpg","type":"image\/jpeg"}],"author":"Aurelien Boulanger","twitter_card":"summary_large_image","twitter_misc":{"\u00c9crit par":"Aurelien Boulanger","Dur\u00e9e de lecture estim\u00e9e":"4 minutes"},"schema":{"@context":"https:\/\/schema.org","@graph":[{"@type":"NewsArticle","@id":"https:\/\/rachat2credit.fr\/guide\/projet-de-loi-anti-fraude-sociale-denonce-comme-un-discours-anti-pauvres-on-nous-criminalise-pour-notre-precarite\/#article","isPartOf":{"@id":"https:\/\/rachat2credit.fr\/guide\/projet-de-loi-anti-fraude-sociale-denonce-comme-un-discours-anti-pauvres-on-nous-criminalise-pour-notre-precarite\/"},"author":{"name":"Aurelien Boulanger","@id":"https:\/\/rachat2credit.fr\/guide\/#\/schema\/person\/d4142086d07bc6acdc4722eabd955cc2"},"headline":"Projet de loi anti-fraude sociale d\u00e9nonc\u00e9 comme un discours anti-pauvres \u201con nous criminalise pour notre pr\u00e9carit\u00e9\u201d","datePublished":"2025-08-20T04:46:05+00:00","mainEntityOfPage":{"@id":"https:\/\/rachat2credit.fr\/guide\/projet-de-loi-anti-fraude-sociale-denonce-comme-un-discours-anti-pauvres-on-nous-criminalise-pour-notre-precarite\/"},"wordCount":781,"commentCount":23,"publisher":{"@id":"https:\/\/rachat2credit.fr\/guide\/#organization"},"image":{"@id":"https:\/\/rachat2credit.fr\/guide\/projet-de-loi-anti-fraude-sociale-denonce-comme-un-discours-anti-pauvres-on-nous-criminalise-pour-notre-precarite\/#primaryimage"},"thumbnailUrl":"https:\/\/rachat2credit.fr\/guide\/wp-content\/uploads\/2025\/08\/flux-pro-1.1-963-1755665176.jpg","articleSection":["A la une"],"inLanguage":"fr-FR","potentialAction":[{"@type":"CommentAction","name":"Comment","target":["https:\/\/rachat2credit.fr\/guide\/projet-de-loi-anti-fraude-sociale-denonce-comme-un-discours-anti-pauvres-on-nous-criminalise-pour-notre-precarite\/#respond"]}]},{"@type":"WebPage","@id":"https:\/\/rachat2credit.fr\/guide\/projet-de-loi-anti-fraude-sociale-denonce-comme-un-discours-anti-pauvres-on-nous-criminalise-pour-notre-precarite\/","url":"https:\/\/rachat2credit.fr\/guide\/projet-de-loi-anti-fraude-sociale-denonce-comme-un-discours-anti-pauvres-on-nous-criminalise-pour-notre-precarite\/","name":"Projet de loi anti-fraude sociale d\u00e9nonc\u00e9 comme un discours anti-pauvres \u201con nous criminalise pour notre pr\u00e9carit\u00e9\u201d - Rachat de Cr\u00e9dit","isPartOf":{"@id":"https:\/\/rachat2credit.fr\/guide\/#website"},"primaryImageOfPage":{"@id":"https:\/\/rachat2credit.fr\/guide\/projet-de-loi-anti-fraude-sociale-denonce-comme-un-discours-anti-pauvres-on-nous-criminalise-pour-notre-precarite\/#primaryimage"},"image":{"@id":"https:\/\/rachat2credit.fr\/guide\/projet-de-loi-anti-fraude-sociale-denonce-comme-un-discours-anti-pauvres-on-nous-criminalise-pour-notre-precarite\/#primaryimage"},"thumbnailUrl":"https:\/\/rachat2credit.fr\/guide\/wp-content\/uploads\/2025\/08\/flux-pro-1.1-963-1755665176.jpg","datePublished":"2025-08-20T04:46:05+00:00","breadcrumb":{"@id":"https:\/\/rachat2credit.fr\/guide\/projet-de-loi-anti-fraude-sociale-denonce-comme-un-discours-anti-pauvres-on-nous-criminalise-pour-notre-precarite\/#breadcrumb"},"inLanguage":"fr-FR","potentialAction":[{"@type":"ReadAction","target":["https:\/\/rachat2credit.fr\/guide\/projet-de-loi-anti-fraude-sociale-denonce-comme-un-discours-anti-pauvres-on-nous-criminalise-pour-notre-precarite\/"]}]},{"@type":"ImageObject","inLanguage":"fr-FR","@id":"https:\/\/rachat2credit.fr\/guide\/projet-de-loi-anti-fraude-sociale-denonce-comme-un-discours-anti-pauvres-on-nous-criminalise-pour-notre-precarite\/#primaryimage","url":"https:\/\/rachat2credit.fr\/guide\/wp-content\/uploads\/2025\/08\/flux-pro-1.1-963-1755665176.jpg","contentUrl":"https:\/\/rachat2credit.fr\/guide\/wp-content\/uploads\/2025\/08\/flux-pro-1.1-963-1755665176.jpg","width":1344,"height":768},{"@type":"BreadcrumbList","@id":"https:\/\/rachat2credit.fr\/guide\/projet-de-loi-anti-fraude-sociale-denonce-comme-un-discours-anti-pauvres-on-nous-criminalise-pour-notre-precarite\/#breadcrumb","itemListElement":[{"@type":"ListItem","position":1,"name":"Accueil","item":"https:\/\/rachat2credit.fr\/guide\/"},{"@type":"ListItem","position":2,"name":"Projet de loi anti-fraude sociale d\u00e9nonc\u00e9 comme un discours anti-pauvres \u201con nous criminalise pour notre pr\u00e9carit\u00e9\u201d"}]},{"@type":"WebSite","@id":"https:\/\/rachat2credit.fr\/guide\/#website","url":"https:\/\/rachat2credit.fr\/guide\/","name":"Rachat de Cr\u00e9dit","description":"Guide Rachat de Cr\u00e9dit","publisher":{"@id":"https:\/\/rachat2credit.fr\/guide\/#organization"},"potentialAction":[{"@type":"SearchAction","target":{"@type":"EntryPoint","urlTemplate":"https:\/\/rachat2credit.fr\/guide\/?s={search_term_string}"},"query-input":{"@type":"PropertyValueSpecification","valueRequired":true,"valueName":"search_term_string"}}],"inLanguage":"fr-FR"},{"@type":"Organization","@id":"https:\/\/rachat2credit.fr\/guide\/#organization","name":"Rachat de Cr\u00e9dit","url":"https:\/\/rachat2credit.fr\/guide\/","logo":{"@type":"ImageObject","inLanguage":"fr-FR","@id":"https:\/\/rachat2credit.fr\/guide\/#\/schema\/logo\/image\/","url":"https:\/\/rachat2credit.fr\/guide\/wp-content\/uploads\/2025\/05\/rachat2credit.png","contentUrl":"https:\/\/rachat2credit.fr\/guide\/wp-content\/uploads\/2025\/05\/rachat2credit.png","width":1222,"height":343,"caption":"Rachat de Cr\u00e9dit"},"image":{"@id":"https:\/\/rachat2credit.fr\/guide\/#\/schema\/logo\/image\/"}},{"@type":"Person","@id":"https:\/\/rachat2credit.fr\/guide\/#\/schema\/person\/d4142086d07bc6acdc4722eabd955cc2","name":"Aurelien Boulanger","image":{"@type":"ImageObject","inLanguage":"fr-FR","@id":"https:\/\/secure.gravatar.com\/avatar\/32175434c9ca2b27bfeb905d1c3ec782a789caf494bc0ec8fa6ed0ee39c2e62a?s=96&d=mm&r=g","url":"https:\/\/secure.gravatar.com\/avatar\/32175434c9ca2b27bfeb905d1c3ec782a789caf494bc0ec8fa6ed0ee39c2e62a?s=96&d=mm&r=g","contentUrl":"https:\/\/secure.gravatar.com\/avatar\/32175434c9ca2b27bfeb905d1c3ec782a789caf494bc0ec8fa6ed0ee39c2e62a?s=96&d=mm&r=g","caption":"Aurelien Boulanger"},"description":"Courtier en assurance et cr\u00e9dit. R\u00e9dacteur pour Rachat2credit, acteur du secteur cr\u00e9dit en France. Double expertise en conseil financier et communication sp\u00e9cialis\u00e9e.","sameAs":["https:\/\/rachat2credit.fr\/guide"],"url":"https:\/\/rachat2credit.fr\/guide\/author\/aurelien\/"}]}},"_links":{"self":[{"href":"https:\/\/rachat2credit.fr\/guide\/wp-json\/wp\/v2\/posts\/963","targetHints":{"allow":["GET"]}}],"collection":[{"href":"https:\/\/rachat2credit.fr\/guide\/wp-json\/wp\/v2\/posts"}],"about":[{"href":"https:\/\/rachat2credit.fr\/guide\/wp-json\/wp\/v2\/types\/post"}],"author":[{"embeddable":true,"href":"https:\/\/rachat2credit.fr\/guide\/wp-json\/wp\/v2\/users\/1"}],"replies":[{"embeddable":true,"href":"https:\/\/rachat2credit.fr\/guide\/wp-json\/wp\/v2\/comments?post=963"}],"version-history":[{"count":0,"href":"https:\/\/rachat2credit.fr\/guide\/wp-json\/wp\/v2\/posts\/963\/revisions"}],"wp:featuredmedia":[{"embeddable":true,"href":"https:\/\/rachat2credit.fr\/guide\/wp-json\/wp\/v2\/media\/964"}],"wp:attachment":[{"href":"https:\/\/rachat2credit.fr\/guide\/wp-json\/wp\/v2\/media?parent=963"}],"wp:term":[{"taxonomy":"category","embeddable":true,"href":"https:\/\/rachat2credit.fr\/guide\/wp-json\/wp\/v2\/categories?post=963"},{"taxonomy":"post_tag","embeddable":true,"href":"https:\/\/rachat2credit.fr\/guide\/wp-json\/wp\/v2\/tags?post=963"}],"curies":[{"name":"wp","href":"https:\/\/api.w.org\/{rel}","templated":true}]}}