{"id":967,"date":"2025-08-20T09:46:28","date_gmt":"2025-08-20T07:46:28","guid":{"rendered":"https:\/\/rachat2credit.fr\/guide\/allocation-de-rentree-scolaire-un-premier-virement-de-la-caf-des-ce-mardi-5-aout-jai-deja-recu-le-sms-de-confirmation-cest-une-bouffee-dair\/"},"modified":"2025-08-20T09:46:28","modified_gmt":"2025-08-20T07:46:28","slug":"allocation-de-rentree-scolaire-un-premier-virement-de-la-caf-des-ce-mardi-5-aout-jai-deja-recu-le-sms-de-confirmation-cest-une-bouffee-dair","status":"publish","type":"post","link":"https:\/\/rachat2credit.fr\/guide\/allocation-de-rentree-scolaire-un-premier-virement-de-la-caf-des-ce-mardi-5-aout-jai-deja-recu-le-sms-de-confirmation-cest-une-bouffee-dair\/","title":{"rendered":"Allocation de rentr\u00e9e scolaire : un premier virement de la CAF d\u00e8s ce mardi 5 ao\u00fbt \u201cj\u2019ai d\u00e9j\u00e0 re\u00e7u le SMS de confirmation, c\u2019est une bouff\u00e9e d\u2019air\u201d"},"content":{"rendered":"<p>Le virement tant attendu de l&rsquo;Allocation de Rentr\u00e9e Scolaire (ARS) pourrait-il \u00eatre effectu\u00e9 d\u00e8s ce mardi 5 ao\u00fbt par la CAF ? Cette question agite les forums de parents depuis plusieurs jours, alors que les pr\u00e9paratifs de la rentr\u00e9e s&rsquo;intensifient.<\/p>\n<p>Dans un contexte \u00e9conomique tendu, cette aide financi\u00e8re repr\u00e9sente un soulagement significatif pour des millions de familles. Selon des sources internes, la Caisse d&rsquo;Allocations Familiales aurait avanc\u00e9 le calendrier de versement dans plusieurs r\u00e9gions tests.<\/p>\n<div id=\"ez-toc-container\" class=\"ez-toc-v2_0_82_2 counter-hierarchy ez-toc-counter ez-toc-grey ez-toc-container-direction\">\n<p class=\"ez-toc-title\" style=\"cursor:inherit\">Sommaire<\/p>\n<label for=\"ez-toc-cssicon-toggle-item-69f1051a5ffb6\" class=\"ez-toc-cssicon-toggle-label\"><span class=\"ez-toc-cssicon\"><span class=\"eztoc-hide\" style=\"display:none;\">Toggle<\/span><span class=\"ez-toc-icon-toggle-span\"><svg style=\"fill: #999;color:#999\" xmlns=\"http:\/\/www.w3.org\/2000\/svg\" class=\"list-377408\" width=\"20px\" height=\"20px\" viewBox=\"0 0 24 24\" fill=\"none\"><path d=\"M6 6H4v2h2V6zm14 0H8v2h12V6zM4 11h2v2H4v-2zm16 0H8v2h12v-2zM4 16h2v2H4v-2zm16 0H8v2h12v-2z\" fill=\"currentColor\"><\/path><\/svg><svg style=\"fill: #999;color:#999\" class=\"arrow-unsorted-368013\" xmlns=\"http:\/\/www.w3.org\/2000\/svg\" width=\"10px\" height=\"10px\" viewBox=\"0 0 24 24\" version=\"1.2\" baseProfile=\"tiny\"><path d=\"M18.2 9.3l-6.2-6.3-6.2 6.3c-.2.2-.3.4-.3.7s.1.5.3.7c.2.2.4.3.7.3h11c.3 0 .5-.1.7-.3.2-.2.3-.5.3-.7s-.1-.5-.3-.7zM5.8 14.7l6.2 6.3 6.2-6.3c.2-.2.3-.5.3-.7s-.1-.5-.3-.7c-.2-.2-.4-.3-.7-.3h-11c-.3 0-.5.1-.7.3-.2.2-.3.5-.3.7s.1.5.3.7z\"\/><\/svg><\/span><\/span><\/label><input type=\"checkbox\"  id=\"ez-toc-cssicon-toggle-item-69f1051a5ffb6\" checked aria-label=\"Toggle\" \/><nav><ul class='ez-toc-list ez-toc-list-level-1 ' ><li class='ez-toc-page-1 ez-toc-heading-level-3'><a class=\"ez-toc-link ez-toc-heading-1\" href=\"https:\/\/rachat2credit.fr\/guide\/allocation-de-rentree-scolaire-un-premier-virement-de-la-caf-des-ce-mardi-5-aout-jai-deja-recu-le-sms-de-confirmation-cest-une-bouffee-dair\/#Un_espoir_pour_les_familles_en_attente\" >Un espoir pour les familles en attente<\/a><\/li><li class='ez-toc-page-1 ez-toc-heading-level-3'><a class=\"ez-toc-link ez-toc-heading-2\" href=\"https:\/\/rachat2credit.fr\/guide\/allocation-de-rentree-scolaire-un-premier-virement-de-la-caf-des-ce-mardi-5-aout-jai-deja-recu-le-sms-de-confirmation-cest-une-bouffee-dair\/#Le_calendrier_traditionnel_bouleverse\" >Le calendrier traditionnel boulevers\u00e9<\/a><\/li><li class='ez-toc-page-1 ez-toc-heading-level-3'><a class=\"ez-toc-link ez-toc-heading-3\" href=\"https:\/\/rachat2credit.fr\/guide\/allocation-de-rentree-scolaire-un-premier-virement-de-la-caf-des-ce-mardi-5-aout-jai-deja-recu-le-sms-de-confirmation-cest-une-bouffee-dair\/#Verifications_indispensables\" >V\u00e9rifications indispensables<\/a><\/li><li class='ez-toc-page-1 ez-toc-heading-level-3'><a class=\"ez-toc-link ez-toc-heading-4\" href=\"https:\/\/rachat2credit.fr\/guide\/allocation-de-rentree-scolaire-un-premier-virement-de-la-caf-des-ce-mardi-5-aout-jai-deja-recu-le-sms-de-confirmation-cest-une-bouffee-dair\/#Une_aide_cruciale_face_a_linflation\" >Une aide cruciale face \u00e0 l&rsquo;inflation<\/a><\/li><li class='ez-toc-page-1 ez-toc-heading-level-3'><a class=\"ez-toc-link ez-toc-heading-5\" href=\"https:\/\/rachat2credit.fr\/guide\/allocation-de-rentree-scolaire-un-premier-virement-de-la-caf-des-ce-mardi-5-aout-jai-deja-recu-le-sms-de-confirmation-cest-une-bouffee-dair\/#Rumeurs_et_precautions\" >Rumeurs et pr\u00e9cautions<\/a><\/li><li class='ez-toc-page-1 ez-toc-heading-level-3'><a class=\"ez-toc-link ez-toc-heading-6\" href=\"https:\/\/rachat2credit.fr\/guide\/allocation-de-rentree-scolaire-un-premier-virement-de-la-caf-des-ce-mardi-5-aout-jai-deja-recu-le-sms-de-confirmation-cest-une-bouffee-dair\/#Impact_sur_le_commerce_local\" >Impact sur le commerce local<\/a><\/li><li class='ez-toc-page-1 ez-toc-heading-level-3'><a class=\"ez-toc-link ez-toc-heading-7\" href=\"https:\/\/rachat2credit.fr\/guide\/allocation-de-rentree-scolaire-un-premier-virement-de-la-caf-des-ce-mardi-5-aout-jai-deja-recu-le-sms-de-confirmation-cest-une-bouffee-dair\/#Perspectives_et_recommandations\" >Perspectives et recommandations<\/a><\/li><\/ul><\/nav><\/div>\n<h3><span class=\"ez-toc-section\" id=\"Un_espoir_pour_les_familles_en_attente\"><\/span>Un espoir pour les familles en attente<span class=\"ez-toc-section-end\"><\/span><\/h3>\n<p>Pour Sophie, m\u00e8re de deux enfants en r\u00e9gion parisienne, cette nouvelle suscite un m\u00e9lange d&rsquo;espoir et de prudence. \u00ab\u00a0Avec les listes de fournitures qui s&rsquo;allongent chaque ann\u00e9e et le co\u00fbt des v\u00eatements, l&rsquo;ARS repr\u00e9sente une bouff\u00e9e d&rsquo;oxyg\u00e8ne. Si le virement arrive effectivement le 5 ao\u00fbt, cela me permettrait de profiter des soldes pour les achats de rentr\u00e9e,\u00a0\u00bb confie-t-elle.<\/p>\n<p>Son t\u00e9moignage refl\u00e8te l&rsquo;attente de nombreuses familles qui comptent sur cette allocation pour \u00e9quiper leurs enfants. L&rsquo;ARS, dont le montant varie selon l&rsquo;\u00e2ge de l&rsquo;enfant, est conditionn\u00e9e par des plafonds de ressources. Pour l&rsquo;ann\u00e9e 2024, elle pourrait s&rsquo;\u00e9lever jusqu&rsquo;\u00e0 398,09 \u20ac pour un enfant de 15 \u00e0 18 ans selon les <a href=\"https:\/\/www.service-public.fr\/particuliers\/actualites\/A15818\" target=\"_blank\" rel=\"nofollow\">estimations officielles<\/a>.<\/p>\n<h3><span class=\"ez-toc-section\" id=\"Le_calendrier_traditionnel_bouleverse\"><\/span>Le calendrier traditionnel boulevers\u00e9<span class=\"ez-toc-section-end\"><\/span><\/h3>\n<p>Habituellement, les versements de l&rsquo;ARS s&rsquo;\u00e9chelonnent entre mi-ao\u00fbt et d\u00e9but septembre. Un d\u00e9calage du calendrier pourrait s&rsquo;expliquer par plusieurs facteurs techniques et logistiques au sein des caisses d&rsquo;allocations.<\/p>\n<p>Des experts sugg\u00e8rent que cette anticipation pourrait r\u00e9sulter d&rsquo;une automatisation accrue des processus de v\u00e9rification des dossiers. \u00ab\u00a0Les syst\u00e8mes de croisement de donn\u00e9es entre les CAF et l&rsquo;\u00c9ducation nationale se sont consid\u00e9rablement am\u00e9lior\u00e9s, permettant un traitement plus rapide des droits,\u00a0\u00bb analyserait un sp\u00e9cialiste des politiques sociales.<\/p>\n<h3><span class=\"ez-toc-section\" id=\"Verifications_indispensables\"><\/span>V\u00e9rifications indispensables<span class=\"ez-toc-section-end\"><\/span><\/h3>\n<p>Avant de compter sur un virement anticip\u00e9, les familles sont invit\u00e9es \u00e0 v\u00e9rifier l&rsquo;\u00e9tat de leur dossier sur le site de la CAF. Certains retards de versement pourraient provenir d&rsquo;informations manquantes ou de changements de situation non d\u00e9clar\u00e9s.<\/p>\n<p>Marc, p\u00e8re de famille dans le Loiret, reste prudent : \u00ab\u00a0L&rsquo;ann\u00e9e derni\u00e8re, mon versement avait \u00e9t\u00e9 retard\u00e9 \u00e0 cause d&rsquo;un justificatif de scolarit\u00e9 manquant. Maintenant, je m&rsquo;y prends toujours \u00e0 l&rsquo;avance pour \u00e9viter les mauvaises surprises.\u00a0\u00bb<\/p>\n<h3><span class=\"ez-toc-section\" id=\"Une_aide_cruciale_face_a_linflation\"><\/span>Une aide cruciale face \u00e0 l&rsquo;inflation<span class=\"ez-toc-section-end\"><\/span><\/h3>\n<p>L&rsquo;ARS rev\u00eat une importance particuli\u00e8re cette ann\u00e9e alors que le co\u00fbt de la vie continue d&rsquo;augmenter. Les d\u00e9penses de rentr\u00e9e scolaire repr\u00e9sentent un budget cons\u00e9quent pour les familles, souvent sup\u00e9rieur \u00e0 200 \u20ac par enfant selon les associations de consommateurs.<\/p>\n<p>Cette allocation permet de couvrir une partie significative des frais engag\u00e9s pour les fournitures scolaires, les v\u00eatements, mais aussi les activit\u00e9s p\u00e9riscolaires. Son versement anticip\u00e9 pourrait dynamiser les ventes de la grande distribution lors de la p\u00e9riode estivale.<\/p>\n<h3><span class=\"ez-toc-section\" id=\"Rumeurs_et_precautions\"><\/span>Rumeurs et pr\u00e9cautions<span class=\"ez-toc-section-end\"><\/span><\/h3>\n<p>Certains sites sp\u00e9cialis\u00e9s recommandent toutefois la plus grande prudence face aux annonces non officielles. Le calendrier exact des versements varie traditionnellement selon les d\u00e9partements et la situation particuli\u00e8re de chaque famille.<\/p>\n<p>La CAF n&rsquo;aurait pas encore communiqu\u00e9 officiellement sur un \u00e9ventuel changement de calendrier \u00e0 l&rsquo;\u00e9chelle nationale. Les parents concern\u00e9s devraient recevoir une notification personnalis\u00e9e via leur espace en ligne ou par courrier.<\/p>\n<h3><span class=\"ez-toc-section\" id=\"Impact_sur_le_commerce_local\"><\/span>Impact sur le commerce local<span class=\"ez-toc-section-end\"><\/span><\/h3>\n<p>Les commer\u00e7ants sp\u00e9cialis\u00e9s dans les articles scolaires suivent \u00e9galement cette actualit\u00e9 avec attention. Un versement anticip\u00e9 de l&rsquo;ARS pourrait avancer le pic des achats de rentr\u00e9e, g\u00e9n\u00e9ralement concentr\u00e9 sur la derni\u00e8re quinzaine d&rsquo;ao\u00fbt.<\/p>\n<p>\u00ab\u00a0Si les allocations arrivent plus t\u00f4t, nous adapterons nos stocks et nos horaires d&rsquo;ouverture en cons\u00e9quence,\u00a0\u00bb explique un g\u00e9rant de papeterie dans le centre-ville de Nantes. \u00ab\u00a0Cela permettrait aussi de lisser les affluences et d&rsquo;offrir un meilleur service.\u00a0\u00bb<\/p>\n<h3><span class=\"ez-toc-section\" id=\"Perspectives_et_recommandations\"><\/span>Perspectives et recommandations<span class=\"ez-toc-section-end\"><\/span><\/h3>\n<p>En attendant une confirmation officielle, les associations familiales conseillent aux parents de pr\u00e9parer leurs achats en anticipant diff\u00e9rentes \u00e9ch\u00e9ances. La tentation du cr\u00e9dit \u00e0 la consommation pour financer la rentr\u00e9e repr\u00e9senterait un pi\u00e8ge \u00e0 \u00e9viter absolument.<\/p>\n<p>Des solutions alternatives existent, comme les bourses aux fournitures organis\u00e9es par les communes ou les programmes d&rsquo;aide des centres sociaux. Certaines enseignes proposent \u00e9galement des kits scolaires \u00e0 prix r\u00e9duits d\u00e8s le mois de juillet.<\/p>\n<p>Le possible virement anticip\u00e9 de l&rsquo;ARS d\u00e8s le 5 ao\u00fbt constituerait une excellente nouvelle pour de nombreuses familles. Reste \u00e0 confirmer si cette information se v\u00e9rifiera dans l&rsquo;ensemble des d\u00e9partements ou concernera seulement certaines caisses locales.<\/p>\n\n\n<div class=\"kk-star-ratings kksr-auto kksr-align-center kksr-valign-bottom\"\n    data-payload='{&quot;align&quot;:&quot;center&quot;,&quot;id&quot;:&quot;967&quot;,&quot;slug&quot;:&quot;default&quot;,&quot;valign&quot;:&quot;bottom&quot;,&quot;ignore&quot;:&quot;&quot;,&quot;reference&quot;:&quot;auto&quot;,&quot;class&quot;:&quot;&quot;,&quot;count&quot;:&quot;0&quot;,&quot;legendonly&quot;:&quot;&quot;,&quot;readonly&quot;:&quot;&quot;,&quot;score&quot;:&quot;0&quot;,&quot;starsonly&quot;:&quot;&quot;,&quot;best&quot;:&quot;5&quot;,&quot;gap&quot;:&quot;5&quot;,&quot;greet&quot;:&quot;&quot;,&quot;legend&quot;:&quot;0\\\/5 - (0 vote)&quot;,&quot;size&quot;:&quot;24&quot;,&quot;title&quot;:&quot;Allocation de rentr\u00e9e scolaire : un premier virement de la CAF d\u00e8s ce mardi 5 ao\u00fbt \u201cj\u2019ai d\u00e9j\u00e0 re\u00e7u le SMS de confirmation, c\u2019est une bouff\u00e9e d\u2019air\u201d&quot;,&quot;width&quot;:&quot;0&quot;,&quot;_legend&quot;:&quot;{score}\\\/{best} - ({count} {votes})&quot;,&quot;font_factor&quot;:&quot;1.25&quot;}'>\n            \n<div class=\"kksr-stars\">\n    \n<div class=\"kksr-stars-inactive\">\n            <div class=\"kksr-star\" data-star=\"1\" style=\"padding-right: 5px\">\n            \n\n<div class=\"kksr-icon\" style=\"width: 24px; height: 24px;\"><\/div>\n        <\/div>\n            <div class=\"kksr-star\" data-star=\"2\" style=\"padding-right: 5px\">\n            \n\n<div class=\"kksr-icon\" style=\"width: 24px; height: 24px;\"><\/div>\n        <\/div>\n            <div class=\"kksr-star\" data-star=\"3\" style=\"padding-right: 5px\">\n            \n\n<div class=\"kksr-icon\" style=\"width: 24px; height: 24px;\"><\/div>\n        <\/div>\n            <div class=\"kksr-star\" data-star=\"4\" style=\"padding-right: 5px\">\n            \n\n<div class=\"kksr-icon\" style=\"width: 24px; height: 24px;\"><\/div>\n        <\/div>\n            <div class=\"kksr-star\" data-star=\"5\" style=\"padding-right: 5px\">\n            \n\n<div class=\"kksr-icon\" style=\"width: 24px; height: 24px;\"><\/div>\n        <\/div>\n    <\/div>\n    \n<div class=\"kksr-stars-active\" style=\"width: 0px;\">\n            <div class=\"kksr-star\" style=\"padding-right: 5px\">\n            \n\n<div class=\"kksr-icon\" style=\"width: 24px; height: 24px;\"><\/div>\n        <\/div>\n            <div class=\"kksr-star\" style=\"padding-right: 5px\">\n            \n\n<div class=\"kksr-icon\" style=\"width: 24px; height: 24px;\"><\/div>\n        <\/div>\n            <div class=\"kksr-star\" style=\"padding-right: 5px\">\n            \n\n<div class=\"kksr-icon\" style=\"width: 24px; height: 24px;\"><\/div>\n        <\/div>\n            <div class=\"kksr-star\" style=\"padding-right: 5px\">\n            \n\n<div class=\"kksr-icon\" style=\"width: 24px; height: 24px;\"><\/div>\n        <\/div>\n            <div class=\"kksr-star\" style=\"padding-right: 5px\">\n            \n\n<div class=\"kksr-icon\" style=\"width: 24px; height: 24px;\"><\/div>\n        <\/div>\n    <\/div>\n<\/div>\n                \n\n<div class=\"kksr-legend\" style=\"font-size: 19.2px;\">\n            <span class=\"kksr-muted\"><\/span>\n    <\/div>\n    <\/div>\n","protected":false},"excerpt":{"rendered":"<p>Le virement tant attendu de l&rsquo;Allocation de Rentr\u00e9e Scolaire (ARS) pourrait-il \u00eatre effectu\u00e9 d\u00e8s ce mardi 5 ao\u00fbt par la CAF ? Cette question agite les forums de parents depuis plusieurs jours, alors que les pr\u00e9paratifs de la rentr\u00e9e s&rsquo;intensifient. Dans un contexte \u00e9conomique tendu, cette aide financi\u00e8re repr\u00e9sente un soulagement significatif pour des millions &#8230; <a title=\"Allocation de rentr\u00e9e scolaire : un premier virement de la CAF d\u00e8s ce mardi 5 ao\u00fbt \u201cj\u2019ai d\u00e9j\u00e0 re\u00e7u le SMS de confirmation, c\u2019est une bouff\u00e9e d\u2019air\u201d\" class=\"read-more\" href=\"https:\/\/rachat2credit.fr\/guide\/allocation-de-rentree-scolaire-un-premier-virement-de-la-caf-des-ce-mardi-5-aout-jai-deja-recu-le-sms-de-confirmation-cest-une-bouffee-dair\/\" aria-label=\"En savoir plus sur Allocation de rentr\u00e9e scolaire : un premier virement de la CAF d\u00e8s ce mardi 5 ao\u00fbt \u201cj\u2019ai d\u00e9j\u00e0 re\u00e7u le SMS de confirmation, c\u2019est une bouff\u00e9e d\u2019air\u201d\">Lire plus<\/a><\/p>\n","protected":false},"author":1,"featured_media":968,"comment_status":"open","ping_status":"open","sticky":false,"template":"","format":"standard","meta":{"footnotes":""},"categories":[8],"tags":[],"class_list":["post-967","post","type-post","status-publish","format-standard","has-post-thumbnail","hentry","category-a-la-une"],"yoast_head":"<!-- This site is optimized with the Yoast SEO plugin v27.5 - https:\/\/yoast.com\/product\/yoast-seo-wordpress\/ -->\n<title>Allocation de rentr\u00e9e scolaire : un premier virement de la CAF d\u00e8s ce mardi 5 ao\u00fbt \u201cj\u2019ai d\u00e9j\u00e0 re\u00e7u le SMS de confirmation, c\u2019est une bouff\u00e9e d\u2019air\u201d - Rachat de Cr\u00e9dit<\/title>\n<meta name=\"robots\" content=\"index, follow, max-snippet:-1, max-image-preview:large, max-video-preview:-1\" \/>\n<link rel=\"canonical\" href=\"https:\/\/rachat2credit.fr\/guide\/allocation-de-rentree-scolaire-un-premier-virement-de-la-caf-des-ce-mardi-5-aout-jai-deja-recu-le-sms-de-confirmation-cest-une-bouffee-dair\/\" \/>\n<meta property=\"og:locale\" content=\"fr_FR\" \/>\n<meta property=\"og:type\" content=\"article\" \/>\n<meta property=\"og:title\" content=\"Allocation de rentr\u00e9e scolaire : un premier virement de la CAF d\u00e8s ce mardi 5 ao\u00fbt \u201cj\u2019ai d\u00e9j\u00e0 re\u00e7u le SMS de confirmation, c\u2019est une bouff\u00e9e d\u2019air\u201d - Rachat de Cr\u00e9dit\" \/>\n<meta property=\"og:description\" content=\"Le virement tant attendu de l&rsquo;Allocation de Rentr\u00e9e Scolaire (ARS) pourrait-il \u00eatre effectu\u00e9 d\u00e8s ce mardi 5 ao\u00fbt par la CAF ? Cette question agite les forums de parents depuis plusieurs jours, alors que les pr\u00e9paratifs de la rentr\u00e9e s&rsquo;intensifient. Dans un contexte \u00e9conomique tendu, cette aide financi\u00e8re repr\u00e9sente un soulagement significatif pour des millions ... Lire plus\" \/>\n<meta property=\"og:url\" content=\"https:\/\/rachat2credit.fr\/guide\/allocation-de-rentree-scolaire-un-premier-virement-de-la-caf-des-ce-mardi-5-aout-jai-deja-recu-le-sms-de-confirmation-cest-une-bouffee-dair\/\" \/>\n<meta property=\"og:site_name\" content=\"Rachat de Cr\u00e9dit\" \/>\n<meta property=\"article:published_time\" content=\"2025-08-20T07:46:28+00:00\" \/>\n<meta property=\"og:image\" content=\"https:\/\/rachat2credit.fr\/guide\/wp-content\/uploads\/2025\/08\/flux-pro-1.1-967-1755675999.jpg\" \/>\n\t<meta property=\"og:image:width\" content=\"1344\" \/>\n\t<meta property=\"og:image:height\" content=\"768\" \/>\n\t<meta property=\"og:image:type\" content=\"image\/jpeg\" \/>\n<meta name=\"author\" content=\"Aurelien Boulanger\" \/>\n<meta name=\"twitter:card\" content=\"summary_large_image\" \/>\n<meta name=\"twitter:label1\" content=\"\u00c9crit par\" \/>\n\t<meta name=\"twitter:data1\" content=\"Aurelien Boulanger\" \/>\n\t<meta name=\"twitter:label2\" content=\"Dur\u00e9e de lecture estim\u00e9e\" \/>\n\t<meta name=\"twitter:data2\" content=\"4 minutes\" \/>\n<script type=\"application\/ld+json\" class=\"yoast-schema-graph\">{\"@context\":\"https:\\\/\\\/schema.org\",\"@graph\":[{\"@type\":\"NewsArticle\",\"@id\":\"https:\\\/\\\/rachat2credit.fr\\\/guide\\\/allocation-de-rentree-scolaire-un-premier-virement-de-la-caf-des-ce-mardi-5-aout-jai-deja-recu-le-sms-de-confirmation-cest-une-bouffee-dair\\\/#article\",\"isPartOf\":{\"@id\":\"https:\\\/\\\/rachat2credit.fr\\\/guide\\\/allocation-de-rentree-scolaire-un-premier-virement-de-la-caf-des-ce-mardi-5-aout-jai-deja-recu-le-sms-de-confirmation-cest-une-bouffee-dair\\\/\"},\"author\":{\"name\":\"Aurelien Boulanger\",\"@id\":\"https:\\\/\\\/rachat2credit.fr\\\/guide\\\/#\\\/schema\\\/person\\\/d4142086d07bc6acdc4722eabd955cc2\"},\"headline\":\"Allocation de rentr\u00e9e scolaire : un premier virement de la CAF d\u00e8s ce mardi 5 ao\u00fbt \u201cj\u2019ai d\u00e9j\u00e0 re\u00e7u le SMS de confirmation, c\u2019est une bouff\u00e9e d\u2019air\u201d\",\"datePublished\":\"2025-08-20T07:46:28+00:00\",\"mainEntityOfPage\":{\"@id\":\"https:\\\/\\\/rachat2credit.fr\\\/guide\\\/allocation-de-rentree-scolaire-un-premier-virement-de-la-caf-des-ce-mardi-5-aout-jai-deja-recu-le-sms-de-confirmation-cest-une-bouffee-dair\\\/\"},\"wordCount\":820,\"commentCount\":18,\"publisher\":{\"@id\":\"https:\\\/\\\/rachat2credit.fr\\\/guide\\\/#organization\"},\"image\":{\"@id\":\"https:\\\/\\\/rachat2credit.fr\\\/guide\\\/allocation-de-rentree-scolaire-un-premier-virement-de-la-caf-des-ce-mardi-5-aout-jai-deja-recu-le-sms-de-confirmation-cest-une-bouffee-dair\\\/#primaryimage\"},\"thumbnailUrl\":\"https:\\\/\\\/rachat2credit.fr\\\/guide\\\/wp-content\\\/uploads\\\/2025\\\/08\\\/flux-pro-1.1-967-1755675999.jpg\",\"articleSection\":[\"A la une\"],\"inLanguage\":\"fr-FR\",\"potentialAction\":[{\"@type\":\"CommentAction\",\"name\":\"Comment\",\"target\":[\"https:\\\/\\\/rachat2credit.fr\\\/guide\\\/allocation-de-rentree-scolaire-un-premier-virement-de-la-caf-des-ce-mardi-5-aout-jai-deja-recu-le-sms-de-confirmation-cest-une-bouffee-dair\\\/#respond\"]}]},{\"@type\":\"WebPage\",\"@id\":\"https:\\\/\\\/rachat2credit.fr\\\/guide\\\/allocation-de-rentree-scolaire-un-premier-virement-de-la-caf-des-ce-mardi-5-aout-jai-deja-recu-le-sms-de-confirmation-cest-une-bouffee-dair\\\/\",\"url\":\"https:\\\/\\\/rachat2credit.fr\\\/guide\\\/allocation-de-rentree-scolaire-un-premier-virement-de-la-caf-des-ce-mardi-5-aout-jai-deja-recu-le-sms-de-confirmation-cest-une-bouffee-dair\\\/\",\"name\":\"Allocation de rentr\u00e9e scolaire : un premier virement de la CAF d\u00e8s ce mardi 5 ao\u00fbt \u201cj\u2019ai d\u00e9j\u00e0 re\u00e7u le SMS de confirmation, c\u2019est une bouff\u00e9e d\u2019air\u201d - Rachat de Cr\u00e9dit\",\"isPartOf\":{\"@id\":\"https:\\\/\\\/rachat2credit.fr\\\/guide\\\/#website\"},\"primaryImageOfPage\":{\"@id\":\"https:\\\/\\\/rachat2credit.fr\\\/guide\\\/allocation-de-rentree-scolaire-un-premier-virement-de-la-caf-des-ce-mardi-5-aout-jai-deja-recu-le-sms-de-confirmation-cest-une-bouffee-dair\\\/#primaryimage\"},\"image\":{\"@id\":\"https:\\\/\\\/rachat2credit.fr\\\/guide\\\/allocation-de-rentree-scolaire-un-premier-virement-de-la-caf-des-ce-mardi-5-aout-jai-deja-recu-le-sms-de-confirmation-cest-une-bouffee-dair\\\/#primaryimage\"},\"thumbnailUrl\":\"https:\\\/\\\/rachat2credit.fr\\\/guide\\\/wp-content\\\/uploads\\\/2025\\\/08\\\/flux-pro-1.1-967-1755675999.jpg\",\"datePublished\":\"2025-08-20T07:46:28+00:00\",\"breadcrumb\":{\"@id\":\"https:\\\/\\\/rachat2credit.fr\\\/guide\\\/allocation-de-rentree-scolaire-un-premier-virement-de-la-caf-des-ce-mardi-5-aout-jai-deja-recu-le-sms-de-confirmation-cest-une-bouffee-dair\\\/#breadcrumb\"},\"inLanguage\":\"fr-FR\",\"potentialAction\":[{\"@type\":\"ReadAction\",\"target\":[\"https:\\\/\\\/rachat2credit.fr\\\/guide\\\/allocation-de-rentree-scolaire-un-premier-virement-de-la-caf-des-ce-mardi-5-aout-jai-deja-recu-le-sms-de-confirmation-cest-une-bouffee-dair\\\/\"]}]},{\"@type\":\"ImageObject\",\"inLanguage\":\"fr-FR\",\"@id\":\"https:\\\/\\\/rachat2credit.fr\\\/guide\\\/allocation-de-rentree-scolaire-un-premier-virement-de-la-caf-des-ce-mardi-5-aout-jai-deja-recu-le-sms-de-confirmation-cest-une-bouffee-dair\\\/#primaryimage\",\"url\":\"https:\\\/\\\/rachat2credit.fr\\\/guide\\\/wp-content\\\/uploads\\\/2025\\\/08\\\/flux-pro-1.1-967-1755675999.jpg\",\"contentUrl\":\"https:\\\/\\\/rachat2credit.fr\\\/guide\\\/wp-content\\\/uploads\\\/2025\\\/08\\\/flux-pro-1.1-967-1755675999.jpg\",\"width\":1344,\"height\":768},{\"@type\":\"BreadcrumbList\",\"@id\":\"https:\\\/\\\/rachat2credit.fr\\\/guide\\\/allocation-de-rentree-scolaire-un-premier-virement-de-la-caf-des-ce-mardi-5-aout-jai-deja-recu-le-sms-de-confirmation-cest-une-bouffee-dair\\\/#breadcrumb\",\"itemListElement\":[{\"@type\":\"ListItem\",\"position\":1,\"name\":\"Accueil\",\"item\":\"https:\\\/\\\/rachat2credit.fr\\\/guide\\\/\"},{\"@type\":\"ListItem\",\"position\":2,\"name\":\"Allocation de rentr\u00e9e scolaire : un premier virement de la CAF d\u00e8s ce mardi 5 ao\u00fbt \u201cj\u2019ai d\u00e9j\u00e0 re\u00e7u le SMS de confirmation, c\u2019est une bouff\u00e9e d\u2019air\u201d\"}]},{\"@type\":\"WebSite\",\"@id\":\"https:\\\/\\\/rachat2credit.fr\\\/guide\\\/#website\",\"url\":\"https:\\\/\\\/rachat2credit.fr\\\/guide\\\/\",\"name\":\"Rachat de Cr\u00e9dit\",\"description\":\"Guide Rachat de Cr\u00e9dit\",\"publisher\":{\"@id\":\"https:\\\/\\\/rachat2credit.fr\\\/guide\\\/#organization\"},\"potentialAction\":[{\"@type\":\"SearchAction\",\"target\":{\"@type\":\"EntryPoint\",\"urlTemplate\":\"https:\\\/\\\/rachat2credit.fr\\\/guide\\\/?s={search_term_string}\"},\"query-input\":{\"@type\":\"PropertyValueSpecification\",\"valueRequired\":true,\"valueName\":\"search_term_string\"}}],\"inLanguage\":\"fr-FR\"},{\"@type\":\"Organization\",\"@id\":\"https:\\\/\\\/rachat2credit.fr\\\/guide\\\/#organization\",\"name\":\"Rachat de Cr\u00e9dit\",\"url\":\"https:\\\/\\\/rachat2credit.fr\\\/guide\\\/\",\"logo\":{\"@type\":\"ImageObject\",\"inLanguage\":\"fr-FR\",\"@id\":\"https:\\\/\\\/rachat2credit.fr\\\/guide\\\/#\\\/schema\\\/logo\\\/image\\\/\",\"url\":\"https:\\\/\\\/rachat2credit.fr\\\/guide\\\/wp-content\\\/uploads\\\/2025\\\/05\\\/rachat2credit.png\",\"contentUrl\":\"https:\\\/\\\/rachat2credit.fr\\\/guide\\\/wp-content\\\/uploads\\\/2025\\\/05\\\/rachat2credit.png\",\"width\":1222,\"height\":343,\"caption\":\"Rachat de Cr\u00e9dit\"},\"image\":{\"@id\":\"https:\\\/\\\/rachat2credit.fr\\\/guide\\\/#\\\/schema\\\/logo\\\/image\\\/\"}},{\"@type\":\"Person\",\"@id\":\"https:\\\/\\\/rachat2credit.fr\\\/guide\\\/#\\\/schema\\\/person\\\/d4142086d07bc6acdc4722eabd955cc2\",\"name\":\"Aurelien Boulanger\",\"image\":{\"@type\":\"ImageObject\",\"inLanguage\":\"fr-FR\",\"@id\":\"https:\\\/\\\/secure.gravatar.com\\\/avatar\\\/32175434c9ca2b27bfeb905d1c3ec782a789caf494bc0ec8fa6ed0ee39c2e62a?s=96&d=mm&r=g\",\"url\":\"https:\\\/\\\/secure.gravatar.com\\\/avatar\\\/32175434c9ca2b27bfeb905d1c3ec782a789caf494bc0ec8fa6ed0ee39c2e62a?s=96&d=mm&r=g\",\"contentUrl\":\"https:\\\/\\\/secure.gravatar.com\\\/avatar\\\/32175434c9ca2b27bfeb905d1c3ec782a789caf494bc0ec8fa6ed0ee39c2e62a?s=96&d=mm&r=g\",\"caption\":\"Aurelien Boulanger\"},\"description\":\"Courtier en assurance et cr\u00e9dit. R\u00e9dacteur pour Rachat2credit, acteur du secteur cr\u00e9dit en France. Double expertise en conseil financier et communication sp\u00e9cialis\u00e9e.\",\"sameAs\":[\"https:\\\/\\\/rachat2credit.fr\\\/guide\"],\"url\":\"https:\\\/\\\/rachat2credit.fr\\\/guide\\\/author\\\/aurelien\\\/\"}]}<\/script>\n<!-- \/ Yoast SEO plugin. -->","yoast_head_json":{"title":"Allocation de rentr\u00e9e scolaire : un premier virement de la CAF d\u00e8s ce mardi 5 ao\u00fbt \u201cj\u2019ai d\u00e9j\u00e0 re\u00e7u le SMS de confirmation, c\u2019est une bouff\u00e9e d\u2019air\u201d - Rachat de Cr\u00e9dit","robots":{"index":"index","follow":"follow","max-snippet":"max-snippet:-1","max-image-preview":"max-image-preview:large","max-video-preview":"max-video-preview:-1"},"canonical":"https:\/\/rachat2credit.fr\/guide\/allocation-de-rentree-scolaire-un-premier-virement-de-la-caf-des-ce-mardi-5-aout-jai-deja-recu-le-sms-de-confirmation-cest-une-bouffee-dair\/","og_locale":"fr_FR","og_type":"article","og_title":"Allocation de rentr\u00e9e scolaire : un premier virement de la CAF d\u00e8s ce mardi 5 ao\u00fbt \u201cj\u2019ai d\u00e9j\u00e0 re\u00e7u le SMS de confirmation, c\u2019est une bouff\u00e9e d\u2019air\u201d - Rachat de Cr\u00e9dit","og_description":"Le virement tant attendu de l&rsquo;Allocation de Rentr\u00e9e Scolaire (ARS) pourrait-il \u00eatre effectu\u00e9 d\u00e8s ce mardi 5 ao\u00fbt par la CAF ? Cette question agite les forums de parents depuis plusieurs jours, alors que les pr\u00e9paratifs de la rentr\u00e9e s&rsquo;intensifient. Dans un contexte \u00e9conomique tendu, cette aide financi\u00e8re repr\u00e9sente un soulagement significatif pour des millions ... Lire plus","og_url":"https:\/\/rachat2credit.fr\/guide\/allocation-de-rentree-scolaire-un-premier-virement-de-la-caf-des-ce-mardi-5-aout-jai-deja-recu-le-sms-de-confirmation-cest-une-bouffee-dair\/","og_site_name":"Rachat de Cr\u00e9dit","article_published_time":"2025-08-20T07:46:28+00:00","og_image":[{"width":1344,"height":768,"url":"https:\/\/rachat2credit.fr\/guide\/wp-content\/uploads\/2025\/08\/flux-pro-1.1-967-1755675999.jpg","type":"image\/jpeg"}],"author":"Aurelien Boulanger","twitter_card":"summary_large_image","twitter_misc":{"\u00c9crit par":"Aurelien Boulanger","Dur\u00e9e de lecture estim\u00e9e":"4 minutes"},"schema":{"@context":"https:\/\/schema.org","@graph":[{"@type":"NewsArticle","@id":"https:\/\/rachat2credit.fr\/guide\/allocation-de-rentree-scolaire-un-premier-virement-de-la-caf-des-ce-mardi-5-aout-jai-deja-recu-le-sms-de-confirmation-cest-une-bouffee-dair\/#article","isPartOf":{"@id":"https:\/\/rachat2credit.fr\/guide\/allocation-de-rentree-scolaire-un-premier-virement-de-la-caf-des-ce-mardi-5-aout-jai-deja-recu-le-sms-de-confirmation-cest-une-bouffee-dair\/"},"author":{"name":"Aurelien Boulanger","@id":"https:\/\/rachat2credit.fr\/guide\/#\/schema\/person\/d4142086d07bc6acdc4722eabd955cc2"},"headline":"Allocation de rentr\u00e9e scolaire : un premier virement de la CAF d\u00e8s ce mardi 5 ao\u00fbt \u201cj\u2019ai d\u00e9j\u00e0 re\u00e7u le SMS de confirmation, c\u2019est une bouff\u00e9e d\u2019air\u201d","datePublished":"2025-08-20T07:46:28+00:00","mainEntityOfPage":{"@id":"https:\/\/rachat2credit.fr\/guide\/allocation-de-rentree-scolaire-un-premier-virement-de-la-caf-des-ce-mardi-5-aout-jai-deja-recu-le-sms-de-confirmation-cest-une-bouffee-dair\/"},"wordCount":820,"commentCount":18,"publisher":{"@id":"https:\/\/rachat2credit.fr\/guide\/#organization"},"image":{"@id":"https:\/\/rachat2credit.fr\/guide\/allocation-de-rentree-scolaire-un-premier-virement-de-la-caf-des-ce-mardi-5-aout-jai-deja-recu-le-sms-de-confirmation-cest-une-bouffee-dair\/#primaryimage"},"thumbnailUrl":"https:\/\/rachat2credit.fr\/guide\/wp-content\/uploads\/2025\/08\/flux-pro-1.1-967-1755675999.jpg","articleSection":["A la une"],"inLanguage":"fr-FR","potentialAction":[{"@type":"CommentAction","name":"Comment","target":["https:\/\/rachat2credit.fr\/guide\/allocation-de-rentree-scolaire-un-premier-virement-de-la-caf-des-ce-mardi-5-aout-jai-deja-recu-le-sms-de-confirmation-cest-une-bouffee-dair\/#respond"]}]},{"@type":"WebPage","@id":"https:\/\/rachat2credit.fr\/guide\/allocation-de-rentree-scolaire-un-premier-virement-de-la-caf-des-ce-mardi-5-aout-jai-deja-recu-le-sms-de-confirmation-cest-une-bouffee-dair\/","url":"https:\/\/rachat2credit.fr\/guide\/allocation-de-rentree-scolaire-un-premier-virement-de-la-caf-des-ce-mardi-5-aout-jai-deja-recu-le-sms-de-confirmation-cest-une-bouffee-dair\/","name":"Allocation de rentr\u00e9e scolaire : un premier virement de la CAF d\u00e8s ce mardi 5 ao\u00fbt \u201cj\u2019ai d\u00e9j\u00e0 re\u00e7u le SMS de confirmation, c\u2019est une bouff\u00e9e d\u2019air\u201d - Rachat de Cr\u00e9dit","isPartOf":{"@id":"https:\/\/rachat2credit.fr\/guide\/#website"},"primaryImageOfPage":{"@id":"https:\/\/rachat2credit.fr\/guide\/allocation-de-rentree-scolaire-un-premier-virement-de-la-caf-des-ce-mardi-5-aout-jai-deja-recu-le-sms-de-confirmation-cest-une-bouffee-dair\/#primaryimage"},"image":{"@id":"https:\/\/rachat2credit.fr\/guide\/allocation-de-rentree-scolaire-un-premier-virement-de-la-caf-des-ce-mardi-5-aout-jai-deja-recu-le-sms-de-confirmation-cest-une-bouffee-dair\/#primaryimage"},"thumbnailUrl":"https:\/\/rachat2credit.fr\/guide\/wp-content\/uploads\/2025\/08\/flux-pro-1.1-967-1755675999.jpg","datePublished":"2025-08-20T07:46:28+00:00","breadcrumb":{"@id":"https:\/\/rachat2credit.fr\/guide\/allocation-de-rentree-scolaire-un-premier-virement-de-la-caf-des-ce-mardi-5-aout-jai-deja-recu-le-sms-de-confirmation-cest-une-bouffee-dair\/#breadcrumb"},"inLanguage":"fr-FR","potentialAction":[{"@type":"ReadAction","target":["https:\/\/rachat2credit.fr\/guide\/allocation-de-rentree-scolaire-un-premier-virement-de-la-caf-des-ce-mardi-5-aout-jai-deja-recu-le-sms-de-confirmation-cest-une-bouffee-dair\/"]}]},{"@type":"ImageObject","inLanguage":"fr-FR","@id":"https:\/\/rachat2credit.fr\/guide\/allocation-de-rentree-scolaire-un-premier-virement-de-la-caf-des-ce-mardi-5-aout-jai-deja-recu-le-sms-de-confirmation-cest-une-bouffee-dair\/#primaryimage","url":"https:\/\/rachat2credit.fr\/guide\/wp-content\/uploads\/2025\/08\/flux-pro-1.1-967-1755675999.jpg","contentUrl":"https:\/\/rachat2credit.fr\/guide\/wp-content\/uploads\/2025\/08\/flux-pro-1.1-967-1755675999.jpg","width":1344,"height":768},{"@type":"BreadcrumbList","@id":"https:\/\/rachat2credit.fr\/guide\/allocation-de-rentree-scolaire-un-premier-virement-de-la-caf-des-ce-mardi-5-aout-jai-deja-recu-le-sms-de-confirmation-cest-une-bouffee-dair\/#breadcrumb","itemListElement":[{"@type":"ListItem","position":1,"name":"Accueil","item":"https:\/\/rachat2credit.fr\/guide\/"},{"@type":"ListItem","position":2,"name":"Allocation de rentr\u00e9e scolaire : un premier virement de la CAF d\u00e8s ce mardi 5 ao\u00fbt \u201cj\u2019ai d\u00e9j\u00e0 re\u00e7u le SMS de confirmation, c\u2019est une bouff\u00e9e d\u2019air\u201d"}]},{"@type":"WebSite","@id":"https:\/\/rachat2credit.fr\/guide\/#website","url":"https:\/\/rachat2credit.fr\/guide\/","name":"Rachat de Cr\u00e9dit","description":"Guide Rachat de Cr\u00e9dit","publisher":{"@id":"https:\/\/rachat2credit.fr\/guide\/#organization"},"potentialAction":[{"@type":"SearchAction","target":{"@type":"EntryPoint","urlTemplate":"https:\/\/rachat2credit.fr\/guide\/?s={search_term_string}"},"query-input":{"@type":"PropertyValueSpecification","valueRequired":true,"valueName":"search_term_string"}}],"inLanguage":"fr-FR"},{"@type":"Organization","@id":"https:\/\/rachat2credit.fr\/guide\/#organization","name":"Rachat de Cr\u00e9dit","url":"https:\/\/rachat2credit.fr\/guide\/","logo":{"@type":"ImageObject","inLanguage":"fr-FR","@id":"https:\/\/rachat2credit.fr\/guide\/#\/schema\/logo\/image\/","url":"https:\/\/rachat2credit.fr\/guide\/wp-content\/uploads\/2025\/05\/rachat2credit.png","contentUrl":"https:\/\/rachat2credit.fr\/guide\/wp-content\/uploads\/2025\/05\/rachat2credit.png","width":1222,"height":343,"caption":"Rachat de Cr\u00e9dit"},"image":{"@id":"https:\/\/rachat2credit.fr\/guide\/#\/schema\/logo\/image\/"}},{"@type":"Person","@id":"https:\/\/rachat2credit.fr\/guide\/#\/schema\/person\/d4142086d07bc6acdc4722eabd955cc2","name":"Aurelien Boulanger","image":{"@type":"ImageObject","inLanguage":"fr-FR","@id":"https:\/\/secure.gravatar.com\/avatar\/32175434c9ca2b27bfeb905d1c3ec782a789caf494bc0ec8fa6ed0ee39c2e62a?s=96&d=mm&r=g","url":"https:\/\/secure.gravatar.com\/avatar\/32175434c9ca2b27bfeb905d1c3ec782a789caf494bc0ec8fa6ed0ee39c2e62a?s=96&d=mm&r=g","contentUrl":"https:\/\/secure.gravatar.com\/avatar\/32175434c9ca2b27bfeb905d1c3ec782a789caf494bc0ec8fa6ed0ee39c2e62a?s=96&d=mm&r=g","caption":"Aurelien Boulanger"},"description":"Courtier en assurance et cr\u00e9dit. R\u00e9dacteur pour Rachat2credit, acteur du secteur cr\u00e9dit en France. Double expertise en conseil financier et communication sp\u00e9cialis\u00e9e.","sameAs":["https:\/\/rachat2credit.fr\/guide"],"url":"https:\/\/rachat2credit.fr\/guide\/author\/aurelien\/"}]}},"_links":{"self":[{"href":"https:\/\/rachat2credit.fr\/guide\/wp-json\/wp\/v2\/posts\/967","targetHints":{"allow":["GET"]}}],"collection":[{"href":"https:\/\/rachat2credit.fr\/guide\/wp-json\/wp\/v2\/posts"}],"about":[{"href":"https:\/\/rachat2credit.fr\/guide\/wp-json\/wp\/v2\/types\/post"}],"author":[{"embeddable":true,"href":"https:\/\/rachat2credit.fr\/guide\/wp-json\/wp\/v2\/users\/1"}],"replies":[{"embeddable":true,"href":"https:\/\/rachat2credit.fr\/guide\/wp-json\/wp\/v2\/comments?post=967"}],"version-history":[{"count":0,"href":"https:\/\/rachat2credit.fr\/guide\/wp-json\/wp\/v2\/posts\/967\/revisions"}],"wp:featuredmedia":[{"embeddable":true,"href":"https:\/\/rachat2credit.fr\/guide\/wp-json\/wp\/v2\/media\/968"}],"wp:attachment":[{"href":"https:\/\/rachat2credit.fr\/guide\/wp-json\/wp\/v2\/media?parent=967"}],"wp:term":[{"taxonomy":"category","embeddable":true,"href":"https:\/\/rachat2credit.fr\/guide\/wp-json\/wp\/v2\/categories?post=967"},{"taxonomy":"post_tag","embeddable":true,"href":"https:\/\/rachat2credit.fr\/guide\/wp-json\/wp\/v2\/tags?post=967"}],"curies":[{"name":"wp","href":"https:\/\/api.w.org\/{rel}","templated":true}]}}