{"id":973,"date":"2025-08-20T14:16:43","date_gmt":"2025-08-20T12:16:43","guid":{"rendered":"https:\/\/rachat2credit.fr\/guide\/cheque-energie-pourquoi-cette-aide-indispensable-est-une-nouvelle-fois-menacee-sans-ca-je-ne-sais-pas-comment-je-chaufferai-mon-logement-cet-hiver\/"},"modified":"2025-08-20T14:16:43","modified_gmt":"2025-08-20T12:16:43","slug":"cheque-energie-pourquoi-cette-aide-indispensable-est-une-nouvelle-fois-menacee-sans-ca-je-ne-sais-pas-comment-je-chaufferai-mon-logement-cet-hiver","status":"publish","type":"post","link":"https:\/\/rachat2credit.fr\/guide\/cheque-energie-pourquoi-cette-aide-indispensable-est-une-nouvelle-fois-menacee-sans-ca-je-ne-sais-pas-comment-je-chaufferai-mon-logement-cet-hiver\/","title":{"rendered":"Ch\u00e8que \u00e9nergie : pourquoi cette aide indispensable est une nouvelle fois menac\u00e9e \u201csans \u00e7a, je ne sais pas comment je chaufferai mon logement cet hiver\u201d"},"content":{"rendered":"<p>Le ch\u00e8que \u00e9nergie, cette aide pr\u00e9cieuse pour des millions de m\u00e9nages fran\u00e7ais, pourrait-il \u00e0 nouveau \u00eatre sur la sellette ? Alors que la pr\u00e9carit\u00e9 \u00e9nerg\u00e9tique frappe de plus en plus de foyers, des rumeurs persistantes laissent entendre que ce coup de pouce essentiel pourrait \u00eatre revu \u00e0 la baisse, voire supprim\u00e9 dans certains cas. Une perspective qui inqui\u00e8te profond\u00e9ment les familles les plus modestes.<\/p>\n<p>Cette aide, destin\u00e9e \u00e0 all\u00e9ger le poids des factures d&rsquo;\u00e9nergie, repr\u00e9sente souvent un filet de s\u00e9curit\u00e9 indispensable. Sa remise en question, m\u00eame partielle, plongerait de nombreux foyers dans une situation financi\u00e8re critique, les for\u00e7ant \u00e0 choisir entre se chauffer et se nourrir correctement.<\/p>\n<div id=\"ez-toc-container\" class=\"ez-toc-v2_0_82_2 counter-hierarchy ez-toc-counter ez-toc-grey ez-toc-container-direction\">\n<p class=\"ez-toc-title\" style=\"cursor:inherit\">Sommaire<\/p>\n<label for=\"ez-toc-cssicon-toggle-item-69f106ce4cea2\" class=\"ez-toc-cssicon-toggle-label\"><span class=\"ez-toc-cssicon\"><span class=\"eztoc-hide\" style=\"display:none;\">Toggle<\/span><span class=\"ez-toc-icon-toggle-span\"><svg style=\"fill: #999;color:#999\" xmlns=\"http:\/\/www.w3.org\/2000\/svg\" class=\"list-377408\" width=\"20px\" height=\"20px\" viewBox=\"0 0 24 24\" fill=\"none\"><path d=\"M6 6H4v2h2V6zm14 0H8v2h12V6zM4 11h2v2H4v-2zm16 0H8v2h12v-2zM4 16h2v2H4v-2zm16 0H8v2h12v-2z\" fill=\"currentColor\"><\/path><\/svg><svg style=\"fill: #999;color:#999\" class=\"arrow-unsorted-368013\" xmlns=\"http:\/\/www.w3.org\/2000\/svg\" width=\"10px\" height=\"10px\" viewBox=\"0 0 24 24\" version=\"1.2\" baseProfile=\"tiny\"><path d=\"M18.2 9.3l-6.2-6.3-6.2 6.3c-.2.2-.3.4-.3.7s.1.5.3.7c.2.2.4.3.7.3h11c.3 0 .5-.1.7-.3.2-.2.3-.5.3-.7s-.1-.5-.3-.7zM5.8 14.7l6.2 6.3 6.2-6.3c.2-.2.3-.5.3-.7s-.1-.5-.3-.7c-.2-.2-.4-.3-.7-.3h-11c-.3 0-.5.1-.7.3-.2.2-.3.5-.3.7s.1.5.3.7z\"\/><\/svg><\/span><\/span><\/label><input type=\"checkbox\"  id=\"ez-toc-cssicon-toggle-item-69f106ce4cea2\" checked aria-label=\"Toggle\" \/><nav><ul class='ez-toc-list ez-toc-list-level-1 ' ><li class='ez-toc-page-1 ez-toc-heading-level-3'><a class=\"ez-toc-link ez-toc-heading-1\" href=\"https:\/\/rachat2credit.fr\/guide\/cheque-energie-pourquoi-cette-aide-indispensable-est-une-nouvelle-fois-menacee-sans-ca-je-ne-sais-pas-comment-je-chaufferai-mon-logement-cet-hiver\/#Un_bouclier_energetique_fragile\" >Un bouclier \u00e9nerg\u00e9tique fragile<\/a><\/li><li class='ez-toc-page-1 ez-toc-heading-level-3'><a class=\"ez-toc-link ez-toc-heading-2\" href=\"https:\/\/rachat2credit.fr\/guide\/cheque-energie-pourquoi-cette-aide-indispensable-est-une-nouvelle-fois-menacee-sans-ca-je-ne-sais-pas-comment-je-chaufferai-mon-logement-cet-hiver\/#Le_temoignage_poignant_dune_beneficiaire\" >Le t\u00e9moignage poignant d&rsquo;une b\u00e9n\u00e9ficiaire<\/a><\/li><li class='ez-toc-page-1 ez-toc-heading-level-3'><a class=\"ez-toc-link ez-toc-heading-3\" href=\"https:\/\/rachat2credit.fr\/guide\/cheque-energie-pourquoi-cette-aide-indispensable-est-une-nouvelle-fois-menacee-sans-ca-je-ne-sais-pas-comment-je-chaufferai-mon-logement-cet-hiver\/#Les_raisons_dune_potentielle_remise_en_question\" >Les raisons d&rsquo;une potentielle remise en question<\/a><\/li><li class='ez-toc-page-1 ez-toc-heading-level-3'><a class=\"ez-toc-link ez-toc-heading-4\" href=\"https:\/\/rachat2credit.fr\/guide\/cheque-energie-pourquoi-cette-aide-indispensable-est-une-nouvelle-fois-menacee-sans-ca-je-ne-sais-pas-comment-je-chaufferai-mon-logement-cet-hiver\/#Les_alternatives_envisagees\" >Les alternatives envisag\u00e9es<\/a><\/li><li class='ez-toc-page-1 ez-toc-heading-level-3'><a class=\"ez-toc-link ez-toc-heading-5\" href=\"https:\/\/rachat2credit.fr\/guide\/cheque-energie-pourquoi-cette-aide-indispensable-est-une-nouvelle-fois-menacee-sans-ca-je-ne-sais-pas-comment-je-chaufferai-mon-logement-cet-hiver\/#Un_enjeu_de_justice_sociale\" >Un enjeu de justice sociale<\/a><\/li><li class='ez-toc-page-1 ez-toc-heading-level-3'><a class=\"ez-toc-link ez-toc-heading-6\" href=\"https:\/\/rachat2credit.fr\/guide\/cheque-energie-pourquoi-cette-aide-indispensable-est-une-nouvelle-fois-menacee-sans-ca-je-ne-sais-pas-comment-je-chaufferai-mon-logement-cet-hiver\/#Vers_une_refonte_du_systeme\" >Vers une refonte du syst\u00e8me ?<\/a><\/li><li class='ez-toc-page-1 ez-toc-heading-level-3'><a class=\"ez-toc-link ez-toc-heading-7\" href=\"https:\/\/rachat2credit.fr\/guide\/cheque-energie-pourquoi-cette-aide-indispensable-est-une-nouvelle-fois-menacee-sans-ca-je-ne-sais-pas-comment-je-chaufferai-mon-logement-cet-hiver\/#Mobilisation_citoyenne_et_perspectives\" >Mobilisation citoyenne et perspectives<\/a><\/li><\/ul><\/nav><\/div>\n<h3><span class=\"ez-toc-section\" id=\"Un_bouclier_energetique_fragile\"><\/span>Un bouclier \u00e9nerg\u00e9tique fragile<span class=\"ez-toc-section-end\"><\/span><\/h3>\n<p>Le dispositif, g\u00e9n\u00e9ralis\u00e9 en 2018 pour remplacer les tarifs sociaux de l&rsquo;\u00e9nergie, concerne environ 5,8 millions de m\u00e9nages aux revenus modestes. Son montant, variant de 48 \u00e0 277 euros par an selon la composition du foyer et ses ressources, est automatiquement attribu\u00e9 sans d\u00e9marche particuli\u00e8re.<\/p>\n<p>Pourtant, ce syst\u00e8me apparemment bien rod\u00e9 montrerait des signes de faiblesse selon certains experts. Des voix s&rsquo;\u00e9l\u00e8veraient pour questionner son financement dans un contexte budg\u00e9taire tendu, tandis que d&rsquo;autres remettraient en cause son efficacit\u00e9 r\u00e9elle face \u00e0 la flamb\u00e9e des prix de l&rsquo;\u00e9nergie.<\/p>\n<h3><span class=\"ez-toc-section\" id=\"Le_temoignage_poignant_dune_beneficiaire\"><\/span>Le t\u00e9moignage poignant d&rsquo;une b\u00e9n\u00e9ficiaire<span class=\"ez-toc-section-end\"><\/span><\/h3>\n<p>Sophie, m\u00e8re c\u00e9libataire de deux enfants dans la r\u00e9gion lyonnaise, ne cache pas son angoisse : \u00ab\u00a0Ce ch\u00e8que \u00e9nergie, c&rsquo;est tout simplement vital pour nous. L&rsquo;hiver dernier, il a couvert presque deux mois de chauffage. Sans lui, je ne sais pas comment nous aurions fait face \u00e0 la hausse des prix. L&rsquo;id\u00e9e qu&rsquo;on puisse le supprimer me terrifie.\u00a0\u00bb<\/p>\n<p>Comme Sophie, de nombreux b\u00e9n\u00e9ficiaires expriment leur crainte face \u00e0 une \u00e9ventuelle remise en cause du dispositif. Pour ces familles, souvent d\u00e9j\u00e0 en situation de pr\u00e9carit\u00e9, cette aide repr\u00e9sente bien plus qu&rsquo;un simple coup de pouce : c&rsquo;est une bou\u00e9e de sauvetage.<\/p>\n<h3><span class=\"ez-toc-section\" id=\"Les_raisons_dune_potentielle_remise_en_question\"><\/span>Les raisons d&rsquo;une potentielle remise en question<span class=\"ez-toc-section-end\"><\/span><\/h3>\n<p>Plusieurs facteurs pourraient expliquer cette menace persistante sur le ch\u00e8que \u00e9nergie. D&rsquo;abord, son co\u00fbt pour les finances publiques, estim\u00e9 \u00e0 environ 2,4 milliards d&rsquo;euros par an, repr\u00e9senterait un budget de plus en plus difficile \u00e0 assumer dans le contexte \u00e9conomique actuel.<\/p>\n<p>Ensuite, certains analystes pointeraient du doigt des difficult\u00e9s dans le ciblage des b\u00e9n\u00e9ficiaires. Bien que le dispositif soit automatique, des erreurs ou des retards dans la mise \u00e0 jour des situations familiales pourraient entra\u00eener des attributions inexactes, r\u00e9duisant ainsi l&rsquo;efficacit\u00e9 globale de la mesure.<\/p>\n<p>Enfin, la complexit\u00e9 du paysage des aides \u00e9nerg\u00e9tiques &#8211; avec le bouclier tarifaire, les tarifs r\u00e9glement\u00e9s, et diverses aides locales &#8211; cr\u00e9erait parfois des effets de bord contre-productifs, amenant certains \u00e0 plaider pour une simplification et donc une possible fusion ou suppression de certaines aides.<\/p>\n<h3><span class=\"ez-toc-section\" id=\"Les_alternatives_envisagees\"><\/span>Les alternatives envisag\u00e9es<span class=\"ez-toc-section-end\"><\/span><\/h3>\n<p>Face \u00e0 ces critiques, plusieurs sc\u00e9narios seraient sur la table. Le gouvernement envisagerait notamment de moduler le ch\u00e8que \u00e9nergie en fonction de la localisation g\u00e9ographique et de la vuln\u00e9rabilit\u00e9 climatique des territoires, une piste qui susciterait d\u00e9j\u00e0 de vives inqui\u00e9tudes chez les associations de consommateurs.<\/p>\n<p>Une autre option \u00e9voqu\u00e9e consisterait \u00e0 conditionner son attribution \u00e0 certains crit\u00e8res de performance \u00e9nerg\u00e9tique du logement, incitant ainsi les propri\u00e9taires \u00e0 r\u00e9aliser des travaux de r\u00e9novation. Mais cette approche p\u00e9naliserait imm\u00e9diatement les m\u00e9nages les plus pr\u00e9caires, souvent locataires de passoires thermiques.<\/p>\n<h3><span class=\"ez-toc-section\" id=\"Un_enjeu_de_justice_sociale\"><\/span>Un enjeu de justice sociale<span class=\"ez-toc-section-end\"><\/span><\/h3>\n<p>Au-del\u00e0 des consid\u00e9rations budg\u00e9taires, la question du ch\u00e8que \u00e9nergie touche \u00e0 un enjeu fondamental de justice sociale. Sa suppression ou sa r\u00e9duction drastique aurait des cons\u00e9quences dramatiques pour les populations les plus fragiles, augmentant m\u00e9caniquement le taux de pr\u00e9carit\u00e9 \u00e9nerg\u00e9tique.<\/p>\n<p>Les associations caritatives ne cessent d&rsquo;alerter sur ce risque. Le Secours Catholique rappelle que \u00ab\u00a0la pr\u00e9carit\u00e9 \u00e9nerg\u00e9tique n&rsquo;est pas une fatalit\u00e9 mais le r\u00e9sultat de choix politiques. Le ch\u00e8que \u00e9nergie, malgr\u00e9 ses imperfections, constitue un outil essentiel dans la lutte contre cette forme de pauvret\u00e9.\u00a0\u00bb<\/p>\n<h3><span class=\"ez-toc-section\" id=\"Vers_une_refonte_du_systeme\"><\/span>Vers une refonte du syst\u00e8me ?<span class=\"ez-toc-section-end\"><\/span><\/h3>\n<p>Plut\u00f4t qu&rsquo;une suppression pure et simple, certains experts pr\u00f4nent une refonte en profondeur du dispositif. L&rsquo;id\u00e9e serait de mieux cibler les b\u00e9n\u00e9ficiaires, d&rsquo;augmenter le montant pour les m\u00e9nages les plus modestes, et de simplifier les d\u00e9marches pour les allocataires.<\/p>\n<p>Le gouvernement travaillerait \u00e9galement sur un syst\u00e8me de versement plus r\u00e9gulier, peut-\u00eatre trimestriel, pour mieux lisser l&rsquo;aide sur l&rsquo;ann\u00e9e et \u00e9viter les difficult\u00e9s de tr\u00e9sorerie que connaissent certains m\u00e9nages entre deux versements.<\/p>\n<p>Pour en savoir plus sur les crit\u00e8res d&rsquo;attribution et le fonctionnement actuel du ch\u00e8que \u00e9nergie, les concern\u00e9s peuvent consulter la <a href=\"https:\/\/www.cheque-energie.gouv.fr\" target=\"_blank\" rel=\"noopener\">plateforme officielle d\u00e9di\u00e9e<\/a>.<\/p>\n<h3><span class=\"ez-toc-section\" id=\"Mobilisation_citoyenne_et_perspectives\"><\/span>Mobilisation citoyenne et perspectives<span class=\"ez-toc-section-end\"><\/span><\/h3>\n<p>Face \u00e0 ces incertitudes, une mobilisation citoyenne commence \u00e0 s&rsquo;organiser. Des p\u00e9titions circulent pour d\u00e9fendre le maintien int\u00e9gral du dispositif, tandis que des associations appellent \u00e0 une manifestation devant le minist\u00e8re de la Transition \u00e9nerg\u00e9tique.<\/p>\n<p>L&rsquo;avenir du ch\u00e8que \u00e9nergie se jouera probablement dans les prochains mois, lors de la discussion du projet de loi de finances pour 2025. Les parlementaires devront alors trancher entre imp\u00e9ratifs budg\u00e9taires et protection des m\u00e9nages les plus vuln\u00e9rables.<\/p>\n<p>En attendant, des millions de Fran\u00e7ais retiennent leur souffle, esp\u00e9rant que cette aide pr\u00e9cieuse ne rejoindra pas la longue liste des dispositifs sociaux sacrifi\u00e9s sur l&rsquo;autel des \u00e9conomies budg\u00e9taires. Le ch\u00e8que \u00e9nergie repr\u00e9sente bien plus qu&rsquo;une simple aide financi\u00e8re : il symbolise la solidarit\u00e9 nationale face \u00e0 un enjeu qui touche au quotidien de millions de personnes.<\/p>\n\n\n<div class=\"kk-star-ratings kksr-auto kksr-align-center kksr-valign-bottom\"\n    data-payload='{&quot;align&quot;:&quot;center&quot;,&quot;id&quot;:&quot;973&quot;,&quot;slug&quot;:&quot;default&quot;,&quot;valign&quot;:&quot;bottom&quot;,&quot;ignore&quot;:&quot;&quot;,&quot;reference&quot;:&quot;auto&quot;,&quot;class&quot;:&quot;&quot;,&quot;count&quot;:&quot;0&quot;,&quot;legendonly&quot;:&quot;&quot;,&quot;readonly&quot;:&quot;&quot;,&quot;score&quot;:&quot;0&quot;,&quot;starsonly&quot;:&quot;&quot;,&quot;best&quot;:&quot;5&quot;,&quot;gap&quot;:&quot;5&quot;,&quot;greet&quot;:&quot;&quot;,&quot;legend&quot;:&quot;0\\\/5 - (0 vote)&quot;,&quot;size&quot;:&quot;24&quot;,&quot;title&quot;:&quot;Ch\u00e8que \u00e9nergie : pourquoi cette aide indispensable est une nouvelle fois menac\u00e9e \u201csans \u00e7a, je ne sais pas comment je chaufferai mon logement cet hiver\u201d&quot;,&quot;width&quot;:&quot;0&quot;,&quot;_legend&quot;:&quot;{score}\\\/{best} - ({count} {votes})&quot;,&quot;font_factor&quot;:&quot;1.25&quot;}'>\n            \n<div class=\"kksr-stars\">\n    \n<div class=\"kksr-stars-inactive\">\n            <div class=\"kksr-star\" data-star=\"1\" style=\"padding-right: 5px\">\n            \n\n<div class=\"kksr-icon\" style=\"width: 24px; height: 24px;\"><\/div>\n        <\/div>\n            <div class=\"kksr-star\" data-star=\"2\" style=\"padding-right: 5px\">\n            \n\n<div class=\"kksr-icon\" style=\"width: 24px; height: 24px;\"><\/div>\n        <\/div>\n            <div class=\"kksr-star\" data-star=\"3\" style=\"padding-right: 5px\">\n            \n\n<div class=\"kksr-icon\" style=\"width: 24px; height: 24px;\"><\/div>\n        <\/div>\n            <div class=\"kksr-star\" data-star=\"4\" style=\"padding-right: 5px\">\n            \n\n<div class=\"kksr-icon\" style=\"width: 24px; height: 24px;\"><\/div>\n        <\/div>\n            <div class=\"kksr-star\" data-star=\"5\" style=\"padding-right: 5px\">\n            \n\n<div class=\"kksr-icon\" style=\"width: 24px; height: 24px;\"><\/div>\n        <\/div>\n    <\/div>\n    \n<div class=\"kksr-stars-active\" style=\"width: 0px;\">\n            <div class=\"kksr-star\" style=\"padding-right: 5px\">\n            \n\n<div class=\"kksr-icon\" style=\"width: 24px; height: 24px;\"><\/div>\n        <\/div>\n            <div class=\"kksr-star\" style=\"padding-right: 5px\">\n            \n\n<div class=\"kksr-icon\" style=\"width: 24px; height: 24px;\"><\/div>\n        <\/div>\n            <div class=\"kksr-star\" style=\"padding-right: 5px\">\n            \n\n<div class=\"kksr-icon\" style=\"width: 24px; height: 24px;\"><\/div>\n        <\/div>\n            <div class=\"kksr-star\" style=\"padding-right: 5px\">\n            \n\n<div class=\"kksr-icon\" style=\"width: 24px; height: 24px;\"><\/div>\n        <\/div>\n            <div class=\"kksr-star\" style=\"padding-right: 5px\">\n            \n\n<div class=\"kksr-icon\" style=\"width: 24px; height: 24px;\"><\/div>\n        <\/div>\n    <\/div>\n<\/div>\n                \n\n<div class=\"kksr-legend\" style=\"font-size: 19.2px;\">\n            <span class=\"kksr-muted\"><\/span>\n    <\/div>\n    <\/div>\n","protected":false},"excerpt":{"rendered":"<p>Le ch\u00e8que \u00e9nergie, cette aide pr\u00e9cieuse pour des millions de m\u00e9nages fran\u00e7ais, pourrait-il \u00e0 nouveau \u00eatre sur la sellette ? Alors que la pr\u00e9carit\u00e9 \u00e9nerg\u00e9tique frappe de plus en plus de foyers, des rumeurs persistantes laissent entendre que ce coup de pouce essentiel pourrait \u00eatre revu \u00e0 la baisse, voire supprim\u00e9 dans certains cas. Une &#8230; <a title=\"Ch\u00e8que \u00e9nergie : pourquoi cette aide indispensable est une nouvelle fois menac\u00e9e \u201csans \u00e7a, je ne sais pas comment je chaufferai mon logement cet hiver\u201d\" class=\"read-more\" href=\"https:\/\/rachat2credit.fr\/guide\/cheque-energie-pourquoi-cette-aide-indispensable-est-une-nouvelle-fois-menacee-sans-ca-je-ne-sais-pas-comment-je-chaufferai-mon-logement-cet-hiver\/\" aria-label=\"En savoir plus sur Ch\u00e8que \u00e9nergie : pourquoi cette aide indispensable est une nouvelle fois menac\u00e9e \u201csans \u00e7a, je ne sais pas comment je chaufferai mon logement cet hiver\u201d\">Lire plus<\/a><\/p>\n","protected":false},"author":1,"featured_media":974,"comment_status":"open","ping_status":"open","sticky":false,"template":"","format":"standard","meta":{"footnotes":""},"categories":[8],"tags":[],"class_list":["post-973","post","type-post","status-publish","format-standard","has-post-thumbnail","hentry","category-a-la-une"],"yoast_head":"<!-- This site is optimized with the Yoast SEO plugin v27.5 - https:\/\/yoast.com\/product\/yoast-seo-wordpress\/ -->\n<title>Ch\u00e8que \u00e9nergie : pourquoi cette aide indispensable est une nouvelle fois menac\u00e9e \u201csans \u00e7a, je ne sais pas comment je chaufferai mon logement cet hiver\u201d - Rachat de Cr\u00e9dit<\/title>\n<meta name=\"robots\" content=\"index, follow, max-snippet:-1, max-image-preview:large, max-video-preview:-1\" \/>\n<link rel=\"canonical\" href=\"https:\/\/rachat2credit.fr\/guide\/cheque-energie-pourquoi-cette-aide-indispensable-est-une-nouvelle-fois-menacee-sans-ca-je-ne-sais-pas-comment-je-chaufferai-mon-logement-cet-hiver\/\" \/>\n<meta property=\"og:locale\" content=\"fr_FR\" \/>\n<meta property=\"og:type\" content=\"article\" \/>\n<meta property=\"og:title\" content=\"Ch\u00e8que \u00e9nergie : pourquoi cette aide indispensable est une nouvelle fois menac\u00e9e \u201csans \u00e7a, je ne sais pas comment je chaufferai mon logement cet hiver\u201d - Rachat de Cr\u00e9dit\" \/>\n<meta property=\"og:description\" content=\"Le ch\u00e8que \u00e9nergie, cette aide pr\u00e9cieuse pour des millions de m\u00e9nages fran\u00e7ais, pourrait-il \u00e0 nouveau \u00eatre sur la sellette ? Alors que la pr\u00e9carit\u00e9 \u00e9nerg\u00e9tique frappe de plus en plus de foyers, des rumeurs persistantes laissent entendre que ce coup de pouce essentiel pourrait \u00eatre revu \u00e0 la baisse, voire supprim\u00e9 dans certains cas. Une ... Lire plus\" \/>\n<meta property=\"og:url\" content=\"https:\/\/rachat2credit.fr\/guide\/cheque-energie-pourquoi-cette-aide-indispensable-est-une-nouvelle-fois-menacee-sans-ca-je-ne-sais-pas-comment-je-chaufferai-mon-logement-cet-hiver\/\" \/>\n<meta property=\"og:site_name\" content=\"Rachat de Cr\u00e9dit\" \/>\n<meta property=\"article:published_time\" content=\"2025-08-20T12:16:43+00:00\" \/>\n<meta property=\"og:image\" content=\"https:\/\/rachat2credit.fr\/guide\/wp-content\/uploads\/2025\/08\/flux-pro-1.1-973-1755692214.jpg\" \/>\n\t<meta property=\"og:image:width\" content=\"1344\" \/>\n\t<meta property=\"og:image:height\" content=\"768\" \/>\n\t<meta property=\"og:image:type\" content=\"image\/jpeg\" \/>\n<meta name=\"author\" content=\"Aurelien Boulanger\" \/>\n<meta name=\"twitter:card\" content=\"summary_large_image\" \/>\n<meta name=\"twitter:label1\" content=\"\u00c9crit par\" \/>\n\t<meta name=\"twitter:data1\" content=\"Aurelien Boulanger\" \/>\n\t<meta name=\"twitter:label2\" content=\"Dur\u00e9e de lecture estim\u00e9e\" \/>\n\t<meta name=\"twitter:data2\" content=\"5 minutes\" \/>\n<script type=\"application\/ld+json\" class=\"yoast-schema-graph\">{\"@context\":\"https:\\\/\\\/schema.org\",\"@graph\":[{\"@type\":\"NewsArticle\",\"@id\":\"https:\\\/\\\/rachat2credit.fr\\\/guide\\\/cheque-energie-pourquoi-cette-aide-indispensable-est-une-nouvelle-fois-menacee-sans-ca-je-ne-sais-pas-comment-je-chaufferai-mon-logement-cet-hiver\\\/#article\",\"isPartOf\":{\"@id\":\"https:\\\/\\\/rachat2credit.fr\\\/guide\\\/cheque-energie-pourquoi-cette-aide-indispensable-est-une-nouvelle-fois-menacee-sans-ca-je-ne-sais-pas-comment-je-chaufferai-mon-logement-cet-hiver\\\/\"},\"author\":{\"name\":\"Aurelien Boulanger\",\"@id\":\"https:\\\/\\\/rachat2credit.fr\\\/guide\\\/#\\\/schema\\\/person\\\/d4142086d07bc6acdc4722eabd955cc2\"},\"headline\":\"Ch\u00e8que \u00e9nergie : pourquoi cette aide indispensable est une nouvelle fois menac\u00e9e \u201csans \u00e7a, je ne sais pas comment je chaufferai mon logement cet hiver\u201d\",\"datePublished\":\"2025-08-20T12:16:43+00:00\",\"mainEntityOfPage\":{\"@id\":\"https:\\\/\\\/rachat2credit.fr\\\/guide\\\/cheque-energie-pourquoi-cette-aide-indispensable-est-une-nouvelle-fois-menacee-sans-ca-je-ne-sais-pas-comment-je-chaufferai-mon-logement-cet-hiver\\\/\"},\"wordCount\":996,\"commentCount\":28,\"publisher\":{\"@id\":\"https:\\\/\\\/rachat2credit.fr\\\/guide\\\/#organization\"},\"image\":{\"@id\":\"https:\\\/\\\/rachat2credit.fr\\\/guide\\\/cheque-energie-pourquoi-cette-aide-indispensable-est-une-nouvelle-fois-menacee-sans-ca-je-ne-sais-pas-comment-je-chaufferai-mon-logement-cet-hiver\\\/#primaryimage\"},\"thumbnailUrl\":\"https:\\\/\\\/rachat2credit.fr\\\/guide\\\/wp-content\\\/uploads\\\/2025\\\/08\\\/flux-pro-1.1-973-1755692214.jpg\",\"articleSection\":[\"A la une\"],\"inLanguage\":\"fr-FR\",\"potentialAction\":[{\"@type\":\"CommentAction\",\"name\":\"Comment\",\"target\":[\"https:\\\/\\\/rachat2credit.fr\\\/guide\\\/cheque-energie-pourquoi-cette-aide-indispensable-est-une-nouvelle-fois-menacee-sans-ca-je-ne-sais-pas-comment-je-chaufferai-mon-logement-cet-hiver\\\/#respond\"]}]},{\"@type\":\"WebPage\",\"@id\":\"https:\\\/\\\/rachat2credit.fr\\\/guide\\\/cheque-energie-pourquoi-cette-aide-indispensable-est-une-nouvelle-fois-menacee-sans-ca-je-ne-sais-pas-comment-je-chaufferai-mon-logement-cet-hiver\\\/\",\"url\":\"https:\\\/\\\/rachat2credit.fr\\\/guide\\\/cheque-energie-pourquoi-cette-aide-indispensable-est-une-nouvelle-fois-menacee-sans-ca-je-ne-sais-pas-comment-je-chaufferai-mon-logement-cet-hiver\\\/\",\"name\":\"Ch\u00e8que \u00e9nergie : pourquoi cette aide indispensable est une nouvelle fois menac\u00e9e \u201csans \u00e7a, je ne sais pas comment je chaufferai mon logement cet hiver\u201d - Rachat de Cr\u00e9dit\",\"isPartOf\":{\"@id\":\"https:\\\/\\\/rachat2credit.fr\\\/guide\\\/#website\"},\"primaryImageOfPage\":{\"@id\":\"https:\\\/\\\/rachat2credit.fr\\\/guide\\\/cheque-energie-pourquoi-cette-aide-indispensable-est-une-nouvelle-fois-menacee-sans-ca-je-ne-sais-pas-comment-je-chaufferai-mon-logement-cet-hiver\\\/#primaryimage\"},\"image\":{\"@id\":\"https:\\\/\\\/rachat2credit.fr\\\/guide\\\/cheque-energie-pourquoi-cette-aide-indispensable-est-une-nouvelle-fois-menacee-sans-ca-je-ne-sais-pas-comment-je-chaufferai-mon-logement-cet-hiver\\\/#primaryimage\"},\"thumbnailUrl\":\"https:\\\/\\\/rachat2credit.fr\\\/guide\\\/wp-content\\\/uploads\\\/2025\\\/08\\\/flux-pro-1.1-973-1755692214.jpg\",\"datePublished\":\"2025-08-20T12:16:43+00:00\",\"breadcrumb\":{\"@id\":\"https:\\\/\\\/rachat2credit.fr\\\/guide\\\/cheque-energie-pourquoi-cette-aide-indispensable-est-une-nouvelle-fois-menacee-sans-ca-je-ne-sais-pas-comment-je-chaufferai-mon-logement-cet-hiver\\\/#breadcrumb\"},\"inLanguage\":\"fr-FR\",\"potentialAction\":[{\"@type\":\"ReadAction\",\"target\":[\"https:\\\/\\\/rachat2credit.fr\\\/guide\\\/cheque-energie-pourquoi-cette-aide-indispensable-est-une-nouvelle-fois-menacee-sans-ca-je-ne-sais-pas-comment-je-chaufferai-mon-logement-cet-hiver\\\/\"]}]},{\"@type\":\"ImageObject\",\"inLanguage\":\"fr-FR\",\"@id\":\"https:\\\/\\\/rachat2credit.fr\\\/guide\\\/cheque-energie-pourquoi-cette-aide-indispensable-est-une-nouvelle-fois-menacee-sans-ca-je-ne-sais-pas-comment-je-chaufferai-mon-logement-cet-hiver\\\/#primaryimage\",\"url\":\"https:\\\/\\\/rachat2credit.fr\\\/guide\\\/wp-content\\\/uploads\\\/2025\\\/08\\\/flux-pro-1.1-973-1755692214.jpg\",\"contentUrl\":\"https:\\\/\\\/rachat2credit.fr\\\/guide\\\/wp-content\\\/uploads\\\/2025\\\/08\\\/flux-pro-1.1-973-1755692214.jpg\",\"width\":1344,\"height\":768},{\"@type\":\"BreadcrumbList\",\"@id\":\"https:\\\/\\\/rachat2credit.fr\\\/guide\\\/cheque-energie-pourquoi-cette-aide-indispensable-est-une-nouvelle-fois-menacee-sans-ca-je-ne-sais-pas-comment-je-chaufferai-mon-logement-cet-hiver\\\/#breadcrumb\",\"itemListElement\":[{\"@type\":\"ListItem\",\"position\":1,\"name\":\"Accueil\",\"item\":\"https:\\\/\\\/rachat2credit.fr\\\/guide\\\/\"},{\"@type\":\"ListItem\",\"position\":2,\"name\":\"Ch\u00e8que \u00e9nergie : pourquoi cette aide indispensable est une nouvelle fois menac\u00e9e \u201csans \u00e7a, je ne sais pas comment je chaufferai mon logement cet hiver\u201d\"}]},{\"@type\":\"WebSite\",\"@id\":\"https:\\\/\\\/rachat2credit.fr\\\/guide\\\/#website\",\"url\":\"https:\\\/\\\/rachat2credit.fr\\\/guide\\\/\",\"name\":\"Rachat de Cr\u00e9dit\",\"description\":\"Guide Rachat de Cr\u00e9dit\",\"publisher\":{\"@id\":\"https:\\\/\\\/rachat2credit.fr\\\/guide\\\/#organization\"},\"potentialAction\":[{\"@type\":\"SearchAction\",\"target\":{\"@type\":\"EntryPoint\",\"urlTemplate\":\"https:\\\/\\\/rachat2credit.fr\\\/guide\\\/?s={search_term_string}\"},\"query-input\":{\"@type\":\"PropertyValueSpecification\",\"valueRequired\":true,\"valueName\":\"search_term_string\"}}],\"inLanguage\":\"fr-FR\"},{\"@type\":\"Organization\",\"@id\":\"https:\\\/\\\/rachat2credit.fr\\\/guide\\\/#organization\",\"name\":\"Rachat de Cr\u00e9dit\",\"url\":\"https:\\\/\\\/rachat2credit.fr\\\/guide\\\/\",\"logo\":{\"@type\":\"ImageObject\",\"inLanguage\":\"fr-FR\",\"@id\":\"https:\\\/\\\/rachat2credit.fr\\\/guide\\\/#\\\/schema\\\/logo\\\/image\\\/\",\"url\":\"https:\\\/\\\/rachat2credit.fr\\\/guide\\\/wp-content\\\/uploads\\\/2025\\\/05\\\/rachat2credit.png\",\"contentUrl\":\"https:\\\/\\\/rachat2credit.fr\\\/guide\\\/wp-content\\\/uploads\\\/2025\\\/05\\\/rachat2credit.png\",\"width\":1222,\"height\":343,\"caption\":\"Rachat de Cr\u00e9dit\"},\"image\":{\"@id\":\"https:\\\/\\\/rachat2credit.fr\\\/guide\\\/#\\\/schema\\\/logo\\\/image\\\/\"}},{\"@type\":\"Person\",\"@id\":\"https:\\\/\\\/rachat2credit.fr\\\/guide\\\/#\\\/schema\\\/person\\\/d4142086d07bc6acdc4722eabd955cc2\",\"name\":\"Aurelien Boulanger\",\"image\":{\"@type\":\"ImageObject\",\"inLanguage\":\"fr-FR\",\"@id\":\"https:\\\/\\\/secure.gravatar.com\\\/avatar\\\/32175434c9ca2b27bfeb905d1c3ec782a789caf494bc0ec8fa6ed0ee39c2e62a?s=96&d=mm&r=g\",\"url\":\"https:\\\/\\\/secure.gravatar.com\\\/avatar\\\/32175434c9ca2b27bfeb905d1c3ec782a789caf494bc0ec8fa6ed0ee39c2e62a?s=96&d=mm&r=g\",\"contentUrl\":\"https:\\\/\\\/secure.gravatar.com\\\/avatar\\\/32175434c9ca2b27bfeb905d1c3ec782a789caf494bc0ec8fa6ed0ee39c2e62a?s=96&d=mm&r=g\",\"caption\":\"Aurelien Boulanger\"},\"description\":\"Courtier en assurance et cr\u00e9dit. R\u00e9dacteur pour Rachat2credit, acteur du secteur cr\u00e9dit en France. Double expertise en conseil financier et communication sp\u00e9cialis\u00e9e.\",\"sameAs\":[\"https:\\\/\\\/rachat2credit.fr\\\/guide\"],\"url\":\"https:\\\/\\\/rachat2credit.fr\\\/guide\\\/author\\\/aurelien\\\/\"}]}<\/script>\n<!-- \/ Yoast SEO plugin. -->","yoast_head_json":{"title":"Ch\u00e8que \u00e9nergie : pourquoi cette aide indispensable est une nouvelle fois menac\u00e9e \u201csans \u00e7a, je ne sais pas comment je chaufferai mon logement cet hiver\u201d - Rachat de Cr\u00e9dit","robots":{"index":"index","follow":"follow","max-snippet":"max-snippet:-1","max-image-preview":"max-image-preview:large","max-video-preview":"max-video-preview:-1"},"canonical":"https:\/\/rachat2credit.fr\/guide\/cheque-energie-pourquoi-cette-aide-indispensable-est-une-nouvelle-fois-menacee-sans-ca-je-ne-sais-pas-comment-je-chaufferai-mon-logement-cet-hiver\/","og_locale":"fr_FR","og_type":"article","og_title":"Ch\u00e8que \u00e9nergie : pourquoi cette aide indispensable est une nouvelle fois menac\u00e9e \u201csans \u00e7a, je ne sais pas comment je chaufferai mon logement cet hiver\u201d - Rachat de Cr\u00e9dit","og_description":"Le ch\u00e8que \u00e9nergie, cette aide pr\u00e9cieuse pour des millions de m\u00e9nages fran\u00e7ais, pourrait-il \u00e0 nouveau \u00eatre sur la sellette ? Alors que la pr\u00e9carit\u00e9 \u00e9nerg\u00e9tique frappe de plus en plus de foyers, des rumeurs persistantes laissent entendre que ce coup de pouce essentiel pourrait \u00eatre revu \u00e0 la baisse, voire supprim\u00e9 dans certains cas. Une ... Lire plus","og_url":"https:\/\/rachat2credit.fr\/guide\/cheque-energie-pourquoi-cette-aide-indispensable-est-une-nouvelle-fois-menacee-sans-ca-je-ne-sais-pas-comment-je-chaufferai-mon-logement-cet-hiver\/","og_site_name":"Rachat de Cr\u00e9dit","article_published_time":"2025-08-20T12:16:43+00:00","og_image":[{"width":1344,"height":768,"url":"https:\/\/rachat2credit.fr\/guide\/wp-content\/uploads\/2025\/08\/flux-pro-1.1-973-1755692214.jpg","type":"image\/jpeg"}],"author":"Aurelien Boulanger","twitter_card":"summary_large_image","twitter_misc":{"\u00c9crit par":"Aurelien Boulanger","Dur\u00e9e de lecture estim\u00e9e":"5 minutes"},"schema":{"@context":"https:\/\/schema.org","@graph":[{"@type":"NewsArticle","@id":"https:\/\/rachat2credit.fr\/guide\/cheque-energie-pourquoi-cette-aide-indispensable-est-une-nouvelle-fois-menacee-sans-ca-je-ne-sais-pas-comment-je-chaufferai-mon-logement-cet-hiver\/#article","isPartOf":{"@id":"https:\/\/rachat2credit.fr\/guide\/cheque-energie-pourquoi-cette-aide-indispensable-est-une-nouvelle-fois-menacee-sans-ca-je-ne-sais-pas-comment-je-chaufferai-mon-logement-cet-hiver\/"},"author":{"name":"Aurelien Boulanger","@id":"https:\/\/rachat2credit.fr\/guide\/#\/schema\/person\/d4142086d07bc6acdc4722eabd955cc2"},"headline":"Ch\u00e8que \u00e9nergie : pourquoi cette aide indispensable est une nouvelle fois menac\u00e9e \u201csans \u00e7a, je ne sais pas comment je chaufferai mon logement cet hiver\u201d","datePublished":"2025-08-20T12:16:43+00:00","mainEntityOfPage":{"@id":"https:\/\/rachat2credit.fr\/guide\/cheque-energie-pourquoi-cette-aide-indispensable-est-une-nouvelle-fois-menacee-sans-ca-je-ne-sais-pas-comment-je-chaufferai-mon-logement-cet-hiver\/"},"wordCount":996,"commentCount":28,"publisher":{"@id":"https:\/\/rachat2credit.fr\/guide\/#organization"},"image":{"@id":"https:\/\/rachat2credit.fr\/guide\/cheque-energie-pourquoi-cette-aide-indispensable-est-une-nouvelle-fois-menacee-sans-ca-je-ne-sais-pas-comment-je-chaufferai-mon-logement-cet-hiver\/#primaryimage"},"thumbnailUrl":"https:\/\/rachat2credit.fr\/guide\/wp-content\/uploads\/2025\/08\/flux-pro-1.1-973-1755692214.jpg","articleSection":["A la une"],"inLanguage":"fr-FR","potentialAction":[{"@type":"CommentAction","name":"Comment","target":["https:\/\/rachat2credit.fr\/guide\/cheque-energie-pourquoi-cette-aide-indispensable-est-une-nouvelle-fois-menacee-sans-ca-je-ne-sais-pas-comment-je-chaufferai-mon-logement-cet-hiver\/#respond"]}]},{"@type":"WebPage","@id":"https:\/\/rachat2credit.fr\/guide\/cheque-energie-pourquoi-cette-aide-indispensable-est-une-nouvelle-fois-menacee-sans-ca-je-ne-sais-pas-comment-je-chaufferai-mon-logement-cet-hiver\/","url":"https:\/\/rachat2credit.fr\/guide\/cheque-energie-pourquoi-cette-aide-indispensable-est-une-nouvelle-fois-menacee-sans-ca-je-ne-sais-pas-comment-je-chaufferai-mon-logement-cet-hiver\/","name":"Ch\u00e8que \u00e9nergie : pourquoi cette aide indispensable est une nouvelle fois menac\u00e9e \u201csans \u00e7a, je ne sais pas comment je chaufferai mon logement cet hiver\u201d - Rachat de Cr\u00e9dit","isPartOf":{"@id":"https:\/\/rachat2credit.fr\/guide\/#website"},"primaryImageOfPage":{"@id":"https:\/\/rachat2credit.fr\/guide\/cheque-energie-pourquoi-cette-aide-indispensable-est-une-nouvelle-fois-menacee-sans-ca-je-ne-sais-pas-comment-je-chaufferai-mon-logement-cet-hiver\/#primaryimage"},"image":{"@id":"https:\/\/rachat2credit.fr\/guide\/cheque-energie-pourquoi-cette-aide-indispensable-est-une-nouvelle-fois-menacee-sans-ca-je-ne-sais-pas-comment-je-chaufferai-mon-logement-cet-hiver\/#primaryimage"},"thumbnailUrl":"https:\/\/rachat2credit.fr\/guide\/wp-content\/uploads\/2025\/08\/flux-pro-1.1-973-1755692214.jpg","datePublished":"2025-08-20T12:16:43+00:00","breadcrumb":{"@id":"https:\/\/rachat2credit.fr\/guide\/cheque-energie-pourquoi-cette-aide-indispensable-est-une-nouvelle-fois-menacee-sans-ca-je-ne-sais-pas-comment-je-chaufferai-mon-logement-cet-hiver\/#breadcrumb"},"inLanguage":"fr-FR","potentialAction":[{"@type":"ReadAction","target":["https:\/\/rachat2credit.fr\/guide\/cheque-energie-pourquoi-cette-aide-indispensable-est-une-nouvelle-fois-menacee-sans-ca-je-ne-sais-pas-comment-je-chaufferai-mon-logement-cet-hiver\/"]}]},{"@type":"ImageObject","inLanguage":"fr-FR","@id":"https:\/\/rachat2credit.fr\/guide\/cheque-energie-pourquoi-cette-aide-indispensable-est-une-nouvelle-fois-menacee-sans-ca-je-ne-sais-pas-comment-je-chaufferai-mon-logement-cet-hiver\/#primaryimage","url":"https:\/\/rachat2credit.fr\/guide\/wp-content\/uploads\/2025\/08\/flux-pro-1.1-973-1755692214.jpg","contentUrl":"https:\/\/rachat2credit.fr\/guide\/wp-content\/uploads\/2025\/08\/flux-pro-1.1-973-1755692214.jpg","width":1344,"height":768},{"@type":"BreadcrumbList","@id":"https:\/\/rachat2credit.fr\/guide\/cheque-energie-pourquoi-cette-aide-indispensable-est-une-nouvelle-fois-menacee-sans-ca-je-ne-sais-pas-comment-je-chaufferai-mon-logement-cet-hiver\/#breadcrumb","itemListElement":[{"@type":"ListItem","position":1,"name":"Accueil","item":"https:\/\/rachat2credit.fr\/guide\/"},{"@type":"ListItem","position":2,"name":"Ch\u00e8que \u00e9nergie : pourquoi cette aide indispensable est une nouvelle fois menac\u00e9e \u201csans \u00e7a, je ne sais pas comment je chaufferai mon logement cet hiver\u201d"}]},{"@type":"WebSite","@id":"https:\/\/rachat2credit.fr\/guide\/#website","url":"https:\/\/rachat2credit.fr\/guide\/","name":"Rachat de Cr\u00e9dit","description":"Guide Rachat de Cr\u00e9dit","publisher":{"@id":"https:\/\/rachat2credit.fr\/guide\/#organization"},"potentialAction":[{"@type":"SearchAction","target":{"@type":"EntryPoint","urlTemplate":"https:\/\/rachat2credit.fr\/guide\/?s={search_term_string}"},"query-input":{"@type":"PropertyValueSpecification","valueRequired":true,"valueName":"search_term_string"}}],"inLanguage":"fr-FR"},{"@type":"Organization","@id":"https:\/\/rachat2credit.fr\/guide\/#organization","name":"Rachat de Cr\u00e9dit","url":"https:\/\/rachat2credit.fr\/guide\/","logo":{"@type":"ImageObject","inLanguage":"fr-FR","@id":"https:\/\/rachat2credit.fr\/guide\/#\/schema\/logo\/image\/","url":"https:\/\/rachat2credit.fr\/guide\/wp-content\/uploads\/2025\/05\/rachat2credit.png","contentUrl":"https:\/\/rachat2credit.fr\/guide\/wp-content\/uploads\/2025\/05\/rachat2credit.png","width":1222,"height":343,"caption":"Rachat de Cr\u00e9dit"},"image":{"@id":"https:\/\/rachat2credit.fr\/guide\/#\/schema\/logo\/image\/"}},{"@type":"Person","@id":"https:\/\/rachat2credit.fr\/guide\/#\/schema\/person\/d4142086d07bc6acdc4722eabd955cc2","name":"Aurelien Boulanger","image":{"@type":"ImageObject","inLanguage":"fr-FR","@id":"https:\/\/secure.gravatar.com\/avatar\/32175434c9ca2b27bfeb905d1c3ec782a789caf494bc0ec8fa6ed0ee39c2e62a?s=96&d=mm&r=g","url":"https:\/\/secure.gravatar.com\/avatar\/32175434c9ca2b27bfeb905d1c3ec782a789caf494bc0ec8fa6ed0ee39c2e62a?s=96&d=mm&r=g","contentUrl":"https:\/\/secure.gravatar.com\/avatar\/32175434c9ca2b27bfeb905d1c3ec782a789caf494bc0ec8fa6ed0ee39c2e62a?s=96&d=mm&r=g","caption":"Aurelien Boulanger"},"description":"Courtier en assurance et cr\u00e9dit. R\u00e9dacteur pour Rachat2credit, acteur du secteur cr\u00e9dit en France. Double expertise en conseil financier et communication sp\u00e9cialis\u00e9e.","sameAs":["https:\/\/rachat2credit.fr\/guide"],"url":"https:\/\/rachat2credit.fr\/guide\/author\/aurelien\/"}]}},"_links":{"self":[{"href":"https:\/\/rachat2credit.fr\/guide\/wp-json\/wp\/v2\/posts\/973","targetHints":{"allow":["GET"]}}],"collection":[{"href":"https:\/\/rachat2credit.fr\/guide\/wp-json\/wp\/v2\/posts"}],"about":[{"href":"https:\/\/rachat2credit.fr\/guide\/wp-json\/wp\/v2\/types\/post"}],"author":[{"embeddable":true,"href":"https:\/\/rachat2credit.fr\/guide\/wp-json\/wp\/v2\/users\/1"}],"replies":[{"embeddable":true,"href":"https:\/\/rachat2credit.fr\/guide\/wp-json\/wp\/v2\/comments?post=973"}],"version-history":[{"count":0,"href":"https:\/\/rachat2credit.fr\/guide\/wp-json\/wp\/v2\/posts\/973\/revisions"}],"wp:featuredmedia":[{"embeddable":true,"href":"https:\/\/rachat2credit.fr\/guide\/wp-json\/wp\/v2\/media\/974"}],"wp:attachment":[{"href":"https:\/\/rachat2credit.fr\/guide\/wp-json\/wp\/v2\/media?parent=973"}],"wp:term":[{"taxonomy":"category","embeddable":true,"href":"https:\/\/rachat2credit.fr\/guide\/wp-json\/wp\/v2\/categories?post=973"},{"taxonomy":"post_tag","embeddable":true,"href":"https:\/\/rachat2credit.fr\/guide\/wp-json\/wp\/v2\/tags?post=973"}],"curies":[{"name":"wp","href":"https:\/\/api.w.org\/{rel}","templated":true}]}}