{"id":995,"date":"2025-08-21T17:16:10","date_gmt":"2025-08-21T15:16:10","guid":{"rendered":"https:\/\/rachat2credit.fr\/guide\/allocations-chomage-refuser-deux-cdi-peut-vous-couter-tres-cher-on-ma-radie-et-jai-tout-perdu\/"},"modified":"2025-08-21T17:16:10","modified_gmt":"2025-08-21T15:16:10","slug":"allocations-chomage-refuser-deux-cdi-peut-vous-couter-tres-cher-on-ma-radie-et-jai-tout-perdu","status":"publish","type":"post","link":"https:\/\/rachat2credit.fr\/guide\/allocations-chomage-refuser-deux-cdi-peut-vous-couter-tres-cher-on-ma-radie-et-jai-tout-perdu\/","title":{"rendered":"Allocations ch\u00f4mage : refuser deux CDI peut vous co\u00fbter tr\u00e8s cher \u201con m\u2019a radi\u00e9 et j\u2019ai tout perdu\u201d"},"content":{"rendered":"<p>Refuser deux offres d&#8217;emploi pourrait-il vous priver de vos allocations ch\u00f4mage ? La question agite les forums de demandeurs d&#8217;emploi depuis que P\u00f4le emploi a rappel\u00e9 l&rsquo;application stricte d&rsquo;une r\u00e8gle m\u00e9connue. \u00ab\u00a0Je pensais pouvoir choisir mon emploi, mais j&rsquo;ai perdu mes droits pour trois mois\u00a0\u00bb, t\u00e9moigne Thomas, un informaticien de 32 ans.<\/p>\n<p>L&rsquo;affaire remonte \u00e0 un courrier re\u00e7u d\u00e9but juin. Apr\u00e8s avoir d\u00e9clin\u00e9 deux CDI propos\u00e9s par son conseiller, Thomas a vu son indemnisation suspendue pour \u00ab\u00a0radiation temporaire\u00a0\u00bb. Une sanction pr\u00e9vue par l&rsquo;article R5412-1 du code du travail, mais rarement appliqu\u00e9e avec une telle rigueur jusqu&rsquo;\u00e0 pr\u00e9sent.<\/p>\n<div id=\"ez-toc-container\" class=\"ez-toc-v2_0_82_2 counter-hierarchy ez-toc-counter ez-toc-grey ez-toc-container-direction\">\n<p class=\"ez-toc-title\" style=\"cursor:inherit\">Sommaire<\/p>\n<label for=\"ez-toc-cssicon-toggle-item-69f10504cfff5\" class=\"ez-toc-cssicon-toggle-label\"><span class=\"ez-toc-cssicon\"><span class=\"eztoc-hide\" style=\"display:none;\">Toggle<\/span><span class=\"ez-toc-icon-toggle-span\"><svg style=\"fill: #999;color:#999\" xmlns=\"http:\/\/www.w3.org\/2000\/svg\" class=\"list-377408\" width=\"20px\" height=\"20px\" viewBox=\"0 0 24 24\" fill=\"none\"><path d=\"M6 6H4v2h2V6zm14 0H8v2h12V6zM4 11h2v2H4v-2zm16 0H8v2h12v-2zM4 16h2v2H4v-2zm16 0H8v2h12v-2z\" fill=\"currentColor\"><\/path><\/svg><svg style=\"fill: #999;color:#999\" class=\"arrow-unsorted-368013\" xmlns=\"http:\/\/www.w3.org\/2000\/svg\" width=\"10px\" height=\"10px\" viewBox=\"0 0 24 24\" version=\"1.2\" baseProfile=\"tiny\"><path d=\"M18.2 9.3l-6.2-6.3-6.2 6.3c-.2.2-.3.4-.3.7s.1.5.3.7c.2.2.4.3.7.3h11c.3 0 .5-.1.7-.3.2-.2.3-.5.3-.7s-.1-.5-.3-.7zM5.8 14.7l6.2 6.3 6.2-6.3c.2-.2.3-.5.3-.7s-.1-.5-.3-.7c-.2-.2-.4-.3-.7-.3h-11c-.3 0-.5.1-.7.3-.2.2-.3.5-.3.7s.1.5.3.7z\"\/><\/svg><\/span><\/span><\/label><input type=\"checkbox\"  id=\"ez-toc-cssicon-toggle-item-69f10504cfff5\" checked aria-label=\"Toggle\" \/><nav><ul class='ez-toc-list ez-toc-list-level-1 ' ><li class='ez-toc-page-1 ez-toc-heading-level-3'><a class=\"ez-toc-link ez-toc-heading-1\" href=\"https:\/\/rachat2credit.fr\/guide\/allocations-chomage-refuser-deux-cdi-peut-vous-couter-tres-cher-on-ma-radie-et-jai-tout-perdu\/#Le_piege_administratif_qui_guette_les_demandeurs_demploi\" >Le pi\u00e8ge administratif qui guette les demandeurs d&#8217;emploi<\/a><\/li><li class='ez-toc-page-1 ez-toc-heading-level-3'><a class=\"ez-toc-link ez-toc-heading-2\" href=\"https:\/\/rachat2credit.fr\/guide\/allocations-chomage-refuser-deux-cdi-peut-vous-couter-tres-cher-on-ma-radie-et-jai-tout-perdu\/#Ce_que_dit_vraiment_la_loi\" >Ce que dit vraiment la loi<\/a><\/li><li class='ez-toc-page-1 ez-toc-heading-level-3'><a class=\"ez-toc-link ez-toc-heading-3\" href=\"https:\/\/rachat2credit.fr\/guide\/allocations-chomage-refuser-deux-cdi-peut-vous-couter-tres-cher-on-ma-radie-et-jai-tout-perdu\/#Les_recours_possibles\" >Les recours possibles<\/a><\/li><li class='ez-toc-page-1 ez-toc-heading-level-3'><a class=\"ez-toc-link ez-toc-heading-4\" href=\"https:\/\/rachat2credit.fr\/guide\/allocations-chomage-refuser-deux-cdi-peut-vous-couter-tres-cher-on-ma-radie-et-jai-tout-perdu\/#Comment_se_proteger\" >Comment se prot\u00e9ger<\/a><\/li><\/ul><\/nav><\/div>\n<h3><span class=\"ez-toc-section\" id=\"Le_piege_administratif_qui_guette_les_demandeurs_demploi\"><\/span>Le pi\u00e8ge administratif qui guette les demandeurs d&#8217;emploi<span class=\"ez-toc-section-end\"><\/span><\/h3>\n<p>Thomas n&rsquo;est pas un cas isol\u00e9. Selon nos informations, P\u00f4le emploi aurait durci son interpr\u00e9tation des refus d&#8217;emploi depuis le d\u00e9but de l&rsquo;ann\u00e9e. \u00ab\u00a0Les conseillers sont invit\u00e9s \u00e0 \u00eatre plus vigilants sur les candidatures refus\u00e9es sans motif l\u00e9gitime\u00a0\u00bb, confirme une source syndicale sous couvert d&rsquo;anonymat.<\/p>\n<p>La r\u00e9glementation pr\u00e9voit que tout ch\u00f4meur doit accepter un emploi \u00ab\u00a0convenable\u00a0\u00bb, c&rsquo;est-\u00e0-dire correspondant \u00e0 ses comp\u00e9tences et offrant des conditions de travail normales. Mais la notion de \u00ab\u00a0convenable\u00a0\u00bb resterait sujette \u00e0 interpr\u00e9tation. \u00ab\u00a0On me proposait un poste \u00e0 50 km de chez moi pour un salire inf\u00e9rieur de 15% \u00e0 mon pr\u00e9c\u00e9dent emploi\u00a0\u00bb, explique Thomas. \u00ab\u00a0J&rsquo;ai refus\u00e9 en pensant avoir le droit de chercher mieux.\u00a0\u00bb<\/p>\n<h3><span class=\"ez-toc-section\" id=\"Ce_que_dit_vraiment_la_loi\"><\/span>Ce que dit vraiment la loi<span class=\"ez-toc-section-end\"><\/span><\/h3>\n<p>Le <a href=\"https:\/\/www.legifrance.gouv.fr\/codes\/article_lc\/LEGIARTI000042779963\/\" target=\"_blank\" rel=\"noopener\">code du travail<\/a> est pourtant clair : deux refus d&rsquo;offres \u00ab\u00a0raisonnables\u00a0\u00bb peuvent entra\u00eener une radiation temporaire. La dur\u00e9e de la suspension varierait selon les situations, pouvant aller jusqu&rsquo;\u00e0 six mois dans les cas les plus graves.<\/p>\n<p>Marie-Louise, conseill\u00e8re P\u00f4le emploi depuis quinze ans, temp\u00e8re : \u00ab\u00a0Nous appliquons cette r\u00e8gle avec discernement. On ne sanctionne pas un refus justifi\u00e9. Mais certains demandeurs d&#8217;emploi multiplient les refus sans motifs valables.\u00a0\u00bb<\/p>\n<h3><span class=\"ez-toc-section\" id=\"Les_recours_possibles\"><\/span>Les recours possibles<span class=\"ez-toc-section-end\"><\/span><\/h3>\n<p>Face \u00e0 cette s\u00e9v\u00e9rit\u00e9 accrue, des associations d&rsquo;aide aux ch\u00f4meurs organisent des permanences juridiques. \u00ab\u00a0Beaucoup ignorent qu&rsquo;ils peuvent contester la d\u00e9cision\u00a0\u00bb, souligne Jean Dupont de l&rsquo;association Droits des Ch\u00f4meurs. La proc\u00e9dure de recours gracieux puis contentieux devant le tribunal judiciaire permettrait de faire annuler certaines radiations.<\/p>\n<p>Parmi les motifs fr\u00e9quents d&rsquo;annulation : l&rsquo;offre d&#8217;emploi inadapt\u00e9e au profil, les conditions de travail d\u00e9grad\u00e9es ou le temps de transport excessif. \u00ab\u00a0Un trajet quotidien de plus de deux heures aller-retour peut constituer un motif l\u00e9gitime de refus\u00a0\u00bb, pr\u00e9cise Me Laurent, avocat sp\u00e9cialis\u00e9 en droit du travail.<\/p>\n<h3><span class=\"ez-toc-section\" id=\"Comment_se_proteger\"><\/span>Comment se prot\u00e9ger<span class=\"ez-toc-section-end\"><\/span><\/h3>\n<p>Les experts recommandent aux demandeurs d&#8217;emploi de documenter scrupuleusement chaque refus. \u00ab\u00a0Gardez une trace \u00e9crite des offres refus\u00e9es et de vos motivations\u00a0\u00bb, conseille Sophie, ancienne conseill\u00e8re P\u00f4le emploi reconvertie en consultante.<\/p>\n<p>En cas de doute sur le caract\u00e8re \u00ab\u00a0raisonnable\u00a0\u00bb d&rsquo;une offre, il serait pr\u00e9f\u00e9rable de saisir pr\u00e9alablement son conseiller pour obtenir un avis \u00e9crit. Cette pr\u00e9caution pourrait servir de preuve en cas de litige ult\u00e9rieur.<\/p>\n<p>La situation de Thomas et de nombreux autres ch\u00f4meurs sanctionn\u00e9s soul\u00e8ve des questions sur l&rsquo;\u00e9quilibre entre les droits et devoirs des demandeurs d&#8217;emploi. Alors que le gouvernement affiche sa volont\u00e9 de \u00ab\u00a0retour \u00e0 l&#8217;emploi\u00a0\u00bb pour tous, l&rsquo;application stricte de cette r\u00e8gle pourrait cr\u00e9er plus de pr\u00e9carit\u00e9 que d&#8217;emplois durables.<\/p>\n<p>Reste \u00e0 savoir si cette rigueur affich\u00e9e s&rsquo;inscrit dans une politique durable ou r\u00e9pond \u00e0 des imp\u00e9ratifs ponctuels de gestion des finances de l&rsquo;assurance ch\u00f4mage. Une chose est s\u00fbre : d\u00e9sormais, chaque refus d&rsquo;offre d&#8217;emploi devra \u00eatre m\u00fbrement r\u00e9fl\u00e9chi.<\/p>\n\n\n<div class=\"kk-star-ratings kksr-auto kksr-align-center kksr-valign-bottom\"\n    data-payload='{&quot;align&quot;:&quot;center&quot;,&quot;id&quot;:&quot;995&quot;,&quot;slug&quot;:&quot;default&quot;,&quot;valign&quot;:&quot;bottom&quot;,&quot;ignore&quot;:&quot;&quot;,&quot;reference&quot;:&quot;auto&quot;,&quot;class&quot;:&quot;&quot;,&quot;count&quot;:&quot;0&quot;,&quot;legendonly&quot;:&quot;&quot;,&quot;readonly&quot;:&quot;&quot;,&quot;score&quot;:&quot;0&quot;,&quot;starsonly&quot;:&quot;&quot;,&quot;best&quot;:&quot;5&quot;,&quot;gap&quot;:&quot;5&quot;,&quot;greet&quot;:&quot;&quot;,&quot;legend&quot;:&quot;0\\\/5 - (0 vote)&quot;,&quot;size&quot;:&quot;24&quot;,&quot;title&quot;:&quot;Allocations ch\u00f4mage : refuser deux CDI peut vous co\u00fbter tr\u00e8s cher \u201con m\u2019a radi\u00e9 et j\u2019ai tout perdu\u201d&quot;,&quot;width&quot;:&quot;0&quot;,&quot;_legend&quot;:&quot;{score}\\\/{best} - ({count} {votes})&quot;,&quot;font_factor&quot;:&quot;1.25&quot;}'>\n            \n<div class=\"kksr-stars\">\n    \n<div class=\"kksr-stars-inactive\">\n            <div class=\"kksr-star\" data-star=\"1\" style=\"padding-right: 5px\">\n            \n\n<div class=\"kksr-icon\" style=\"width: 24px; height: 24px;\"><\/div>\n        <\/div>\n            <div class=\"kksr-star\" data-star=\"2\" style=\"padding-right: 5px\">\n            \n\n<div class=\"kksr-icon\" style=\"width: 24px; height: 24px;\"><\/div>\n        <\/div>\n            <div class=\"kksr-star\" data-star=\"3\" style=\"padding-right: 5px\">\n            \n\n<div class=\"kksr-icon\" style=\"width: 24px; height: 24px;\"><\/div>\n        <\/div>\n            <div class=\"kksr-star\" data-star=\"4\" style=\"padding-right: 5px\">\n            \n\n<div class=\"kksr-icon\" style=\"width: 24px; height: 24px;\"><\/div>\n        <\/div>\n            <div class=\"kksr-star\" data-star=\"5\" style=\"padding-right: 5px\">\n            \n\n<div class=\"kksr-icon\" style=\"width: 24px; height: 24px;\"><\/div>\n        <\/div>\n    <\/div>\n    \n<div class=\"kksr-stars-active\" style=\"width: 0px;\">\n            <div class=\"kksr-star\" style=\"padding-right: 5px\">\n            \n\n<div class=\"kksr-icon\" style=\"width: 24px; height: 24px;\"><\/div>\n        <\/div>\n            <div class=\"kksr-star\" style=\"padding-right: 5px\">\n            \n\n<div class=\"kksr-icon\" style=\"width: 24px; height: 24px;\"><\/div>\n        <\/div>\n            <div class=\"kksr-star\" style=\"padding-right: 5px\">\n            \n\n<div class=\"kksr-icon\" style=\"width: 24px; height: 24px;\"><\/div>\n        <\/div>\n            <div class=\"kksr-star\" style=\"padding-right: 5px\">\n            \n\n<div class=\"kksr-icon\" style=\"width: 24px; height: 24px;\"><\/div>\n        <\/div>\n            <div class=\"kksr-star\" style=\"padding-right: 5px\">\n            \n\n<div class=\"kksr-icon\" style=\"width: 24px; height: 24px;\"><\/div>\n        <\/div>\n    <\/div>\n<\/div>\n                \n\n<div class=\"kksr-legend\" style=\"font-size: 19.2px;\">\n            <span class=\"kksr-muted\"><\/span>\n    <\/div>\n    <\/div>\n","protected":false},"excerpt":{"rendered":"<p>Refuser deux offres d&#8217;emploi pourrait-il vous priver de vos allocations ch\u00f4mage ? La question agite les forums de demandeurs d&#8217;emploi depuis que P\u00f4le emploi a rappel\u00e9 l&rsquo;application stricte d&rsquo;une r\u00e8gle m\u00e9connue. \u00ab\u00a0Je pensais pouvoir choisir mon emploi, mais j&rsquo;ai perdu mes droits pour trois mois\u00a0\u00bb, t\u00e9moigne Thomas, un informaticien de 32 ans. L&rsquo;affaire remonte \u00e0 &#8230; <a title=\"Allocations ch\u00f4mage : refuser deux CDI peut vous co\u00fbter tr\u00e8s cher \u201con m\u2019a radi\u00e9 et j\u2019ai tout perdu\u201d\" class=\"read-more\" href=\"https:\/\/rachat2credit.fr\/guide\/allocations-chomage-refuser-deux-cdi-peut-vous-couter-tres-cher-on-ma-radie-et-jai-tout-perdu\/\" aria-label=\"En savoir plus sur Allocations ch\u00f4mage : refuser deux CDI peut vous co\u00fbter tr\u00e8s cher \u201con m\u2019a radi\u00e9 et j\u2019ai tout perdu\u201d\">Lire plus<\/a><\/p>\n","protected":false},"author":1,"featured_media":996,"comment_status":"open","ping_status":"open","sticky":false,"template":"","format":"standard","meta":{"footnotes":""},"categories":[8],"tags":[],"class_list":["post-995","post","type-post","status-publish","format-standard","has-post-thumbnail","hentry","category-a-la-une"],"yoast_head":"<!-- This site is optimized with the Yoast SEO plugin v27.5 - https:\/\/yoast.com\/product\/yoast-seo-wordpress\/ -->\n<title>Allocations ch\u00f4mage : refuser deux CDI peut vous co\u00fbter tr\u00e8s cher \u201con m\u2019a radi\u00e9 et j\u2019ai tout perdu\u201d - Rachat de Cr\u00e9dit<\/title>\n<meta name=\"robots\" content=\"index, follow, max-snippet:-1, max-image-preview:large, max-video-preview:-1\" \/>\n<link rel=\"canonical\" href=\"https:\/\/rachat2credit.fr\/guide\/allocations-chomage-refuser-deux-cdi-peut-vous-couter-tres-cher-on-ma-radie-et-jai-tout-perdu\/\" \/>\n<meta property=\"og:locale\" content=\"fr_FR\" \/>\n<meta property=\"og:type\" content=\"article\" \/>\n<meta property=\"og:title\" content=\"Allocations ch\u00f4mage : refuser deux CDI peut vous co\u00fbter tr\u00e8s cher \u201con m\u2019a radi\u00e9 et j\u2019ai tout perdu\u201d - Rachat de Cr\u00e9dit\" \/>\n<meta property=\"og:description\" content=\"Refuser deux offres d&#8217;emploi pourrait-il vous priver de vos allocations ch\u00f4mage ? La question agite les forums de demandeurs d&#8217;emploi depuis que P\u00f4le emploi a rappel\u00e9 l&rsquo;application stricte d&rsquo;une r\u00e8gle m\u00e9connue. \u00ab\u00a0Je pensais pouvoir choisir mon emploi, mais j&rsquo;ai perdu mes droits pour trois mois\u00a0\u00bb, t\u00e9moigne Thomas, un informaticien de 32 ans. L&rsquo;affaire remonte \u00e0 ... Lire plus\" \/>\n<meta property=\"og:url\" content=\"https:\/\/rachat2credit.fr\/guide\/allocations-chomage-refuser-deux-cdi-peut-vous-couter-tres-cher-on-ma-radie-et-jai-tout-perdu\/\" \/>\n<meta property=\"og:site_name\" content=\"Rachat de Cr\u00e9dit\" \/>\n<meta property=\"article:published_time\" content=\"2025-08-21T15:16:10+00:00\" \/>\n<meta property=\"og:image\" content=\"https:\/\/rachat2credit.fr\/guide\/wp-content\/uploads\/2025\/08\/flux-pro-1.1-995-1755789381.jpg\" \/>\n\t<meta property=\"og:image:width\" content=\"1344\" \/>\n\t<meta property=\"og:image:height\" content=\"768\" \/>\n\t<meta property=\"og:image:type\" content=\"image\/jpeg\" \/>\n<meta name=\"author\" content=\"Aurelien Boulanger\" \/>\n<meta name=\"twitter:card\" content=\"summary_large_image\" \/>\n<meta name=\"twitter:label1\" content=\"\u00c9crit par\" \/>\n\t<meta name=\"twitter:data1\" content=\"Aurelien Boulanger\" \/>\n\t<meta name=\"twitter:label2\" content=\"Dur\u00e9e de lecture estim\u00e9e\" \/>\n\t<meta name=\"twitter:data2\" content=\"3 minutes\" \/>\n<script type=\"application\/ld+json\" class=\"yoast-schema-graph\">{\"@context\":\"https:\\\/\\\/schema.org\",\"@graph\":[{\"@type\":\"NewsArticle\",\"@id\":\"https:\\\/\\\/rachat2credit.fr\\\/guide\\\/allocations-chomage-refuser-deux-cdi-peut-vous-couter-tres-cher-on-ma-radie-et-jai-tout-perdu\\\/#article\",\"isPartOf\":{\"@id\":\"https:\\\/\\\/rachat2credit.fr\\\/guide\\\/allocations-chomage-refuser-deux-cdi-peut-vous-couter-tres-cher-on-ma-radie-et-jai-tout-perdu\\\/\"},\"author\":{\"name\":\"Aurelien Boulanger\",\"@id\":\"https:\\\/\\\/rachat2credit.fr\\\/guide\\\/#\\\/schema\\\/person\\\/d4142086d07bc6acdc4722eabd955cc2\"},\"headline\":\"Allocations ch\u00f4mage : refuser deux CDI peut vous co\u00fbter tr\u00e8s cher \u201con m\u2019a radi\u00e9 et j\u2019ai tout perdu\u201d\",\"datePublished\":\"2025-08-21T15:16:10+00:00\",\"mainEntityOfPage\":{\"@id\":\"https:\\\/\\\/rachat2credit.fr\\\/guide\\\/allocations-chomage-refuser-deux-cdi-peut-vous-couter-tres-cher-on-ma-radie-et-jai-tout-perdu\\\/\"},\"wordCount\":654,\"commentCount\":6,\"publisher\":{\"@id\":\"https:\\\/\\\/rachat2credit.fr\\\/guide\\\/#organization\"},\"image\":{\"@id\":\"https:\\\/\\\/rachat2credit.fr\\\/guide\\\/allocations-chomage-refuser-deux-cdi-peut-vous-couter-tres-cher-on-ma-radie-et-jai-tout-perdu\\\/#primaryimage\"},\"thumbnailUrl\":\"https:\\\/\\\/rachat2credit.fr\\\/guide\\\/wp-content\\\/uploads\\\/2025\\\/08\\\/flux-pro-1.1-995-1755789381.jpg\",\"articleSection\":[\"A la une\"],\"inLanguage\":\"fr-FR\",\"potentialAction\":[{\"@type\":\"CommentAction\",\"name\":\"Comment\",\"target\":[\"https:\\\/\\\/rachat2credit.fr\\\/guide\\\/allocations-chomage-refuser-deux-cdi-peut-vous-couter-tres-cher-on-ma-radie-et-jai-tout-perdu\\\/#respond\"]}]},{\"@type\":\"WebPage\",\"@id\":\"https:\\\/\\\/rachat2credit.fr\\\/guide\\\/allocations-chomage-refuser-deux-cdi-peut-vous-couter-tres-cher-on-ma-radie-et-jai-tout-perdu\\\/\",\"url\":\"https:\\\/\\\/rachat2credit.fr\\\/guide\\\/allocations-chomage-refuser-deux-cdi-peut-vous-couter-tres-cher-on-ma-radie-et-jai-tout-perdu\\\/\",\"name\":\"Allocations ch\u00f4mage : refuser deux CDI peut vous co\u00fbter tr\u00e8s cher \u201con m\u2019a radi\u00e9 et j\u2019ai tout perdu\u201d - Rachat de Cr\u00e9dit\",\"isPartOf\":{\"@id\":\"https:\\\/\\\/rachat2credit.fr\\\/guide\\\/#website\"},\"primaryImageOfPage\":{\"@id\":\"https:\\\/\\\/rachat2credit.fr\\\/guide\\\/allocations-chomage-refuser-deux-cdi-peut-vous-couter-tres-cher-on-ma-radie-et-jai-tout-perdu\\\/#primaryimage\"},\"image\":{\"@id\":\"https:\\\/\\\/rachat2credit.fr\\\/guide\\\/allocations-chomage-refuser-deux-cdi-peut-vous-couter-tres-cher-on-ma-radie-et-jai-tout-perdu\\\/#primaryimage\"},\"thumbnailUrl\":\"https:\\\/\\\/rachat2credit.fr\\\/guide\\\/wp-content\\\/uploads\\\/2025\\\/08\\\/flux-pro-1.1-995-1755789381.jpg\",\"datePublished\":\"2025-08-21T15:16:10+00:00\",\"breadcrumb\":{\"@id\":\"https:\\\/\\\/rachat2credit.fr\\\/guide\\\/allocations-chomage-refuser-deux-cdi-peut-vous-couter-tres-cher-on-ma-radie-et-jai-tout-perdu\\\/#breadcrumb\"},\"inLanguage\":\"fr-FR\",\"potentialAction\":[{\"@type\":\"ReadAction\",\"target\":[\"https:\\\/\\\/rachat2credit.fr\\\/guide\\\/allocations-chomage-refuser-deux-cdi-peut-vous-couter-tres-cher-on-ma-radie-et-jai-tout-perdu\\\/\"]}]},{\"@type\":\"ImageObject\",\"inLanguage\":\"fr-FR\",\"@id\":\"https:\\\/\\\/rachat2credit.fr\\\/guide\\\/allocations-chomage-refuser-deux-cdi-peut-vous-couter-tres-cher-on-ma-radie-et-jai-tout-perdu\\\/#primaryimage\",\"url\":\"https:\\\/\\\/rachat2credit.fr\\\/guide\\\/wp-content\\\/uploads\\\/2025\\\/08\\\/flux-pro-1.1-995-1755789381.jpg\",\"contentUrl\":\"https:\\\/\\\/rachat2credit.fr\\\/guide\\\/wp-content\\\/uploads\\\/2025\\\/08\\\/flux-pro-1.1-995-1755789381.jpg\",\"width\":1344,\"height\":768},{\"@type\":\"BreadcrumbList\",\"@id\":\"https:\\\/\\\/rachat2credit.fr\\\/guide\\\/allocations-chomage-refuser-deux-cdi-peut-vous-couter-tres-cher-on-ma-radie-et-jai-tout-perdu\\\/#breadcrumb\",\"itemListElement\":[{\"@type\":\"ListItem\",\"position\":1,\"name\":\"Accueil\",\"item\":\"https:\\\/\\\/rachat2credit.fr\\\/guide\\\/\"},{\"@type\":\"ListItem\",\"position\":2,\"name\":\"Allocations ch\u00f4mage : refuser deux CDI peut vous co\u00fbter tr\u00e8s cher \u201con m\u2019a radi\u00e9 et j\u2019ai tout perdu\u201d\"}]},{\"@type\":\"WebSite\",\"@id\":\"https:\\\/\\\/rachat2credit.fr\\\/guide\\\/#website\",\"url\":\"https:\\\/\\\/rachat2credit.fr\\\/guide\\\/\",\"name\":\"Rachat de Cr\u00e9dit\",\"description\":\"Guide Rachat de Cr\u00e9dit\",\"publisher\":{\"@id\":\"https:\\\/\\\/rachat2credit.fr\\\/guide\\\/#organization\"},\"potentialAction\":[{\"@type\":\"SearchAction\",\"target\":{\"@type\":\"EntryPoint\",\"urlTemplate\":\"https:\\\/\\\/rachat2credit.fr\\\/guide\\\/?s={search_term_string}\"},\"query-input\":{\"@type\":\"PropertyValueSpecification\",\"valueRequired\":true,\"valueName\":\"search_term_string\"}}],\"inLanguage\":\"fr-FR\"},{\"@type\":\"Organization\",\"@id\":\"https:\\\/\\\/rachat2credit.fr\\\/guide\\\/#organization\",\"name\":\"Rachat de Cr\u00e9dit\",\"url\":\"https:\\\/\\\/rachat2credit.fr\\\/guide\\\/\",\"logo\":{\"@type\":\"ImageObject\",\"inLanguage\":\"fr-FR\",\"@id\":\"https:\\\/\\\/rachat2credit.fr\\\/guide\\\/#\\\/schema\\\/logo\\\/image\\\/\",\"url\":\"https:\\\/\\\/rachat2credit.fr\\\/guide\\\/wp-content\\\/uploads\\\/2025\\\/05\\\/rachat2credit.png\",\"contentUrl\":\"https:\\\/\\\/rachat2credit.fr\\\/guide\\\/wp-content\\\/uploads\\\/2025\\\/05\\\/rachat2credit.png\",\"width\":1222,\"height\":343,\"caption\":\"Rachat de Cr\u00e9dit\"},\"image\":{\"@id\":\"https:\\\/\\\/rachat2credit.fr\\\/guide\\\/#\\\/schema\\\/logo\\\/image\\\/\"}},{\"@type\":\"Person\",\"@id\":\"https:\\\/\\\/rachat2credit.fr\\\/guide\\\/#\\\/schema\\\/person\\\/d4142086d07bc6acdc4722eabd955cc2\",\"name\":\"Aurelien Boulanger\",\"image\":{\"@type\":\"ImageObject\",\"inLanguage\":\"fr-FR\",\"@id\":\"https:\\\/\\\/secure.gravatar.com\\\/avatar\\\/32175434c9ca2b27bfeb905d1c3ec782a789caf494bc0ec8fa6ed0ee39c2e62a?s=96&d=mm&r=g\",\"url\":\"https:\\\/\\\/secure.gravatar.com\\\/avatar\\\/32175434c9ca2b27bfeb905d1c3ec782a789caf494bc0ec8fa6ed0ee39c2e62a?s=96&d=mm&r=g\",\"contentUrl\":\"https:\\\/\\\/secure.gravatar.com\\\/avatar\\\/32175434c9ca2b27bfeb905d1c3ec782a789caf494bc0ec8fa6ed0ee39c2e62a?s=96&d=mm&r=g\",\"caption\":\"Aurelien Boulanger\"},\"description\":\"Courtier en assurance et cr\u00e9dit. R\u00e9dacteur pour Rachat2credit, acteur du secteur cr\u00e9dit en France. Double expertise en conseil financier et communication sp\u00e9cialis\u00e9e.\",\"sameAs\":[\"https:\\\/\\\/rachat2credit.fr\\\/guide\"],\"url\":\"https:\\\/\\\/rachat2credit.fr\\\/guide\\\/author\\\/aurelien\\\/\"}]}<\/script>\n<!-- \/ Yoast SEO plugin. -->","yoast_head_json":{"title":"Allocations ch\u00f4mage : refuser deux CDI peut vous co\u00fbter tr\u00e8s cher \u201con m\u2019a radi\u00e9 et j\u2019ai tout perdu\u201d - Rachat de Cr\u00e9dit","robots":{"index":"index","follow":"follow","max-snippet":"max-snippet:-1","max-image-preview":"max-image-preview:large","max-video-preview":"max-video-preview:-1"},"canonical":"https:\/\/rachat2credit.fr\/guide\/allocations-chomage-refuser-deux-cdi-peut-vous-couter-tres-cher-on-ma-radie-et-jai-tout-perdu\/","og_locale":"fr_FR","og_type":"article","og_title":"Allocations ch\u00f4mage : refuser deux CDI peut vous co\u00fbter tr\u00e8s cher \u201con m\u2019a radi\u00e9 et j\u2019ai tout perdu\u201d - Rachat de Cr\u00e9dit","og_description":"Refuser deux offres d&#8217;emploi pourrait-il vous priver de vos allocations ch\u00f4mage ? La question agite les forums de demandeurs d&#8217;emploi depuis que P\u00f4le emploi a rappel\u00e9 l&rsquo;application stricte d&rsquo;une r\u00e8gle m\u00e9connue. \u00ab\u00a0Je pensais pouvoir choisir mon emploi, mais j&rsquo;ai perdu mes droits pour trois mois\u00a0\u00bb, t\u00e9moigne Thomas, un informaticien de 32 ans. L&rsquo;affaire remonte \u00e0 ... Lire plus","og_url":"https:\/\/rachat2credit.fr\/guide\/allocations-chomage-refuser-deux-cdi-peut-vous-couter-tres-cher-on-ma-radie-et-jai-tout-perdu\/","og_site_name":"Rachat de Cr\u00e9dit","article_published_time":"2025-08-21T15:16:10+00:00","og_image":[{"width":1344,"height":768,"url":"https:\/\/rachat2credit.fr\/guide\/wp-content\/uploads\/2025\/08\/flux-pro-1.1-995-1755789381.jpg","type":"image\/jpeg"}],"author":"Aurelien Boulanger","twitter_card":"summary_large_image","twitter_misc":{"\u00c9crit par":"Aurelien Boulanger","Dur\u00e9e de lecture estim\u00e9e":"3 minutes"},"schema":{"@context":"https:\/\/schema.org","@graph":[{"@type":"NewsArticle","@id":"https:\/\/rachat2credit.fr\/guide\/allocations-chomage-refuser-deux-cdi-peut-vous-couter-tres-cher-on-ma-radie-et-jai-tout-perdu\/#article","isPartOf":{"@id":"https:\/\/rachat2credit.fr\/guide\/allocations-chomage-refuser-deux-cdi-peut-vous-couter-tres-cher-on-ma-radie-et-jai-tout-perdu\/"},"author":{"name":"Aurelien Boulanger","@id":"https:\/\/rachat2credit.fr\/guide\/#\/schema\/person\/d4142086d07bc6acdc4722eabd955cc2"},"headline":"Allocations ch\u00f4mage : refuser deux CDI peut vous co\u00fbter tr\u00e8s cher \u201con m\u2019a radi\u00e9 et j\u2019ai tout perdu\u201d","datePublished":"2025-08-21T15:16:10+00:00","mainEntityOfPage":{"@id":"https:\/\/rachat2credit.fr\/guide\/allocations-chomage-refuser-deux-cdi-peut-vous-couter-tres-cher-on-ma-radie-et-jai-tout-perdu\/"},"wordCount":654,"commentCount":6,"publisher":{"@id":"https:\/\/rachat2credit.fr\/guide\/#organization"},"image":{"@id":"https:\/\/rachat2credit.fr\/guide\/allocations-chomage-refuser-deux-cdi-peut-vous-couter-tres-cher-on-ma-radie-et-jai-tout-perdu\/#primaryimage"},"thumbnailUrl":"https:\/\/rachat2credit.fr\/guide\/wp-content\/uploads\/2025\/08\/flux-pro-1.1-995-1755789381.jpg","articleSection":["A la une"],"inLanguage":"fr-FR","potentialAction":[{"@type":"CommentAction","name":"Comment","target":["https:\/\/rachat2credit.fr\/guide\/allocations-chomage-refuser-deux-cdi-peut-vous-couter-tres-cher-on-ma-radie-et-jai-tout-perdu\/#respond"]}]},{"@type":"WebPage","@id":"https:\/\/rachat2credit.fr\/guide\/allocations-chomage-refuser-deux-cdi-peut-vous-couter-tres-cher-on-ma-radie-et-jai-tout-perdu\/","url":"https:\/\/rachat2credit.fr\/guide\/allocations-chomage-refuser-deux-cdi-peut-vous-couter-tres-cher-on-ma-radie-et-jai-tout-perdu\/","name":"Allocations ch\u00f4mage : refuser deux CDI peut vous co\u00fbter tr\u00e8s cher \u201con m\u2019a radi\u00e9 et j\u2019ai tout perdu\u201d - Rachat de Cr\u00e9dit","isPartOf":{"@id":"https:\/\/rachat2credit.fr\/guide\/#website"},"primaryImageOfPage":{"@id":"https:\/\/rachat2credit.fr\/guide\/allocations-chomage-refuser-deux-cdi-peut-vous-couter-tres-cher-on-ma-radie-et-jai-tout-perdu\/#primaryimage"},"image":{"@id":"https:\/\/rachat2credit.fr\/guide\/allocations-chomage-refuser-deux-cdi-peut-vous-couter-tres-cher-on-ma-radie-et-jai-tout-perdu\/#primaryimage"},"thumbnailUrl":"https:\/\/rachat2credit.fr\/guide\/wp-content\/uploads\/2025\/08\/flux-pro-1.1-995-1755789381.jpg","datePublished":"2025-08-21T15:16:10+00:00","breadcrumb":{"@id":"https:\/\/rachat2credit.fr\/guide\/allocations-chomage-refuser-deux-cdi-peut-vous-couter-tres-cher-on-ma-radie-et-jai-tout-perdu\/#breadcrumb"},"inLanguage":"fr-FR","potentialAction":[{"@type":"ReadAction","target":["https:\/\/rachat2credit.fr\/guide\/allocations-chomage-refuser-deux-cdi-peut-vous-couter-tres-cher-on-ma-radie-et-jai-tout-perdu\/"]}]},{"@type":"ImageObject","inLanguage":"fr-FR","@id":"https:\/\/rachat2credit.fr\/guide\/allocations-chomage-refuser-deux-cdi-peut-vous-couter-tres-cher-on-ma-radie-et-jai-tout-perdu\/#primaryimage","url":"https:\/\/rachat2credit.fr\/guide\/wp-content\/uploads\/2025\/08\/flux-pro-1.1-995-1755789381.jpg","contentUrl":"https:\/\/rachat2credit.fr\/guide\/wp-content\/uploads\/2025\/08\/flux-pro-1.1-995-1755789381.jpg","width":1344,"height":768},{"@type":"BreadcrumbList","@id":"https:\/\/rachat2credit.fr\/guide\/allocations-chomage-refuser-deux-cdi-peut-vous-couter-tres-cher-on-ma-radie-et-jai-tout-perdu\/#breadcrumb","itemListElement":[{"@type":"ListItem","position":1,"name":"Accueil","item":"https:\/\/rachat2credit.fr\/guide\/"},{"@type":"ListItem","position":2,"name":"Allocations ch\u00f4mage : refuser deux CDI peut vous co\u00fbter tr\u00e8s cher \u201con m\u2019a radi\u00e9 et j\u2019ai tout perdu\u201d"}]},{"@type":"WebSite","@id":"https:\/\/rachat2credit.fr\/guide\/#website","url":"https:\/\/rachat2credit.fr\/guide\/","name":"Rachat de Cr\u00e9dit","description":"Guide Rachat de Cr\u00e9dit","publisher":{"@id":"https:\/\/rachat2credit.fr\/guide\/#organization"},"potentialAction":[{"@type":"SearchAction","target":{"@type":"EntryPoint","urlTemplate":"https:\/\/rachat2credit.fr\/guide\/?s={search_term_string}"},"query-input":{"@type":"PropertyValueSpecification","valueRequired":true,"valueName":"search_term_string"}}],"inLanguage":"fr-FR"},{"@type":"Organization","@id":"https:\/\/rachat2credit.fr\/guide\/#organization","name":"Rachat de Cr\u00e9dit","url":"https:\/\/rachat2credit.fr\/guide\/","logo":{"@type":"ImageObject","inLanguage":"fr-FR","@id":"https:\/\/rachat2credit.fr\/guide\/#\/schema\/logo\/image\/","url":"https:\/\/rachat2credit.fr\/guide\/wp-content\/uploads\/2025\/05\/rachat2credit.png","contentUrl":"https:\/\/rachat2credit.fr\/guide\/wp-content\/uploads\/2025\/05\/rachat2credit.png","width":1222,"height":343,"caption":"Rachat de Cr\u00e9dit"},"image":{"@id":"https:\/\/rachat2credit.fr\/guide\/#\/schema\/logo\/image\/"}},{"@type":"Person","@id":"https:\/\/rachat2credit.fr\/guide\/#\/schema\/person\/d4142086d07bc6acdc4722eabd955cc2","name":"Aurelien Boulanger","image":{"@type":"ImageObject","inLanguage":"fr-FR","@id":"https:\/\/secure.gravatar.com\/avatar\/32175434c9ca2b27bfeb905d1c3ec782a789caf494bc0ec8fa6ed0ee39c2e62a?s=96&d=mm&r=g","url":"https:\/\/secure.gravatar.com\/avatar\/32175434c9ca2b27bfeb905d1c3ec782a789caf494bc0ec8fa6ed0ee39c2e62a?s=96&d=mm&r=g","contentUrl":"https:\/\/secure.gravatar.com\/avatar\/32175434c9ca2b27bfeb905d1c3ec782a789caf494bc0ec8fa6ed0ee39c2e62a?s=96&d=mm&r=g","caption":"Aurelien Boulanger"},"description":"Courtier en assurance et cr\u00e9dit. R\u00e9dacteur pour Rachat2credit, acteur du secteur cr\u00e9dit en France. Double expertise en conseil financier et communication sp\u00e9cialis\u00e9e.","sameAs":["https:\/\/rachat2credit.fr\/guide"],"url":"https:\/\/rachat2credit.fr\/guide\/author\/aurelien\/"}]}},"_links":{"self":[{"href":"https:\/\/rachat2credit.fr\/guide\/wp-json\/wp\/v2\/posts\/995","targetHints":{"allow":["GET"]}}],"collection":[{"href":"https:\/\/rachat2credit.fr\/guide\/wp-json\/wp\/v2\/posts"}],"about":[{"href":"https:\/\/rachat2credit.fr\/guide\/wp-json\/wp\/v2\/types\/post"}],"author":[{"embeddable":true,"href":"https:\/\/rachat2credit.fr\/guide\/wp-json\/wp\/v2\/users\/1"}],"replies":[{"embeddable":true,"href":"https:\/\/rachat2credit.fr\/guide\/wp-json\/wp\/v2\/comments?post=995"}],"version-history":[{"count":0,"href":"https:\/\/rachat2credit.fr\/guide\/wp-json\/wp\/v2\/posts\/995\/revisions"}],"wp:featuredmedia":[{"embeddable":true,"href":"https:\/\/rachat2credit.fr\/guide\/wp-json\/wp\/v2\/media\/996"}],"wp:attachment":[{"href":"https:\/\/rachat2credit.fr\/guide\/wp-json\/wp\/v2\/media?parent=995"}],"wp:term":[{"taxonomy":"category","embeddable":true,"href":"https:\/\/rachat2credit.fr\/guide\/wp-json\/wp\/v2\/categories?post=995"},{"taxonomy":"post_tag","embeddable":true,"href":"https:\/\/rachat2credit.fr\/guide\/wp-json\/wp\/v2\/tags?post=995"}],"curies":[{"name":"wp","href":"https:\/\/api.w.org\/{rel}","templated":true}]}}